{"id":1803,"date":"2024-07-29T07:06:16","date_gmt":"2024-07-29T11:06:16","guid":{"rendered":"https:\/\/nazarenonews.com.br\/?p=1803"},"modified":"2024-07-29T07:06:56","modified_gmt":"2024-07-29T11:06:56","slug":"homem-bate-moto-em-carro-e-morre-na-avenida-do-cpa","status":"publish","type":"post","link":"https:\/\/nazarenonews.com.br\/index.php\/2024\/07\/29\/homem-bate-moto-em-carro-e-morre-na-avenida-do-cpa\/","title":{"rendered":"Homem bate moto em carro e morre na Avenida do CPA"},"content":{"rendered":"\n<p>Rep\u00f3rter MT<\/p>\n\n\n\n<p>Um motociclista, ainda n\u00e3o identificado, morreu na noite deste domingo, ap\u00f3s uma ultrapassagem mal sucedida na Avenida Historiador Rubens de Mendon\u00e7a (Av. do CPA), em Cuiab\u00e1. Uma outra pessoa ficou ferida.<\/p>\n\n\n\n<p>As primeiras informa\u00e7\u00f5es d\u00e3o conta de que o motociclista estava em alta velocidade, na altura da loja Cobasi. No momento em que tentou fazer a ultrapassagem, pela direita, bateu na roda do ve\u00edculo e caiu.<\/p>\n\n\n\n<p>O motociclista n\u00e3o portava nenhum documento quer permitisse a sua identifica\u00e7\u00e3o no local. Um amigo da v\u00edtima disse que ele se chamava Josivaldo e que morava no bairro Tr\u00eas Barras, na Capital.<\/p>\n\n\n\n<p>A v\u00edtima morreu na hora. A pessoa que estava na garupa ficou ferida e foi atendida pelo Servi\u00e7o de Atendimento M\u00f3vel de Urg\u00eancia (Samu).<\/p>\n\n\n\n<p>A motorista do carro envolvido na ocorr\u00eancia est\u00e1 no local passando informa\u00e7\u00f5es para a guarni\u00e7\u00e3o da Pol\u00edcia Militar.<\/p>\n\n\n\n<p>O tr\u00e2nsito na regi\u00e3o ficou parcialmente interrompido em raz\u00e3o do atendimento \u00e0s v\u00edtimas.<\/p>\n\n\n\n<p>A Pol\u00edcia Civil e a Per\u00edcia Oficial e Identifica\u00e7\u00e3o T\u00e9cnica (Politec) s\u00e3o aguardadas no local.<\/p>\n\n\n\n<p><\/p>\n","protected":false},"excerpt":{"rendered":"<p>Rep\u00f3rter MT Um motociclista, ainda n\u00e3o identificado, morreu na noite deste domingo, ap\u00f3s uma ultrapassagem mal sucedida na Avenida Historiador Rubens de Mendon\u00e7a (Av. do CPA), em Cuiab\u00e1. Uma outra pessoa ficou ferida. As primeiras informa\u00e7\u00f5es d\u00e3o conta de que o motociclista estava em alta velocidade, na altura da loja Cobasi. No momento em que [&hellip;]<\/p>\n","protected":false},"author":2,"featured_media":1804,"comment_status":"closed","ping_status":"closed","sticky":false,"template":"","format":"standard","meta":{"_monsterinsights_skip_tracking":false,"_monsterinsights_sitenote_active":false,"_monsterinsights_sitenote_note":"","_monsterinsights_sitenote_category":0,"footnotes":""},"categories":[1],"tags":[],"_links":{"self":[{"href":"https:\/\/nazarenonews.com.br\/index.php\/wp-json\/wp\/v2\/posts\/1803"}],"collection":[{"href":"https:\/\/nazarenonews.com.br\/index.php\/wp-json\/wp\/v2\/posts"}],"about":[{"href":"https:\/\/nazarenonews.com.br\/index.php\/wp-json\/wp\/v2\/types\/post"}],"author":[{"embeddable":true,"href":"https:\/\/nazarenonews.com.br\/index.php\/wp-json\/wp\/v2\/users\/2"}],"replies":[{"embeddable":true,"href":"https:\/\/nazarenonews.com.br\/index.php\/wp-json\/wp\/v2\/comments?post=1803"}],"version-history":[{"count":2,"href":"https:\/\/nazarenonews.com.br\/index.php\/wp-json\/wp\/v2\/posts\/1803\/revisions"}],"predecessor-version":[{"id":1807,"href":"https:\/\/nazarenonews.com.br\/index.php\/wp-json\/wp\/v2\/posts\/1803\/revisions\/1807"}],"wp:featuredmedia":[{"embeddable":true,"href":"https:\/\/nazarenonews.com.br\/index.php\/wp-json\/wp\/v2\/media\/1804"}],"wp:attachment":[{"href":"https:\/\/nazarenonews.com.br\/index.php\/wp-json\/wp\/v2\/media?parent=1803"}],"wp:term":[{"taxonomy":"category","embeddable":true,"href":"https:\/\/nazarenonews.com.br\/index.php\/wp-json\/wp\/v2\/categories?post=1803"},{"taxonomy":"post_tag","embeddable":true,"href":"https:\/\/nazarenonews.com.br\/index.php\/wp-json\/wp\/v2\/tags?post=1803"}],"curies":[{"name":"wp","href":"https:\/\/api.w.org\/{rel}","templated":true}]}}