{"id":1800,"date":"2024-07-29T07:03:15","date_gmt":"2024-07-29T11:03:15","guid":{"rendered":"https:\/\/nazarenonews.com.br\/?p=1800"},"modified":"2024-07-29T07:03:15","modified_gmt":"2024-07-29T11:03:15","slug":"menino-de-11-anos-atira-contra-o-pai-durante-briga-de-familia-em-mt-diz-policia","status":"publish","type":"post","link":"https:\/\/nazarenonews.com.br\/index.php\/2024\/07\/29\/menino-de-11-anos-atira-contra-o-pai-durante-briga-de-familia-em-mt-diz-policia\/","title":{"rendered":"Menino de 11 anos atira contra o pai durante briga de fam\u00edlia em MT, diz pol\u00edcia"},"content":{"rendered":"\n<p>G1-MT<\/p>\n\n\n\n<p><strong>Uma crian\u00e7a de 11 anos atirou contra o rosto do pr\u00f3prio pai<\/strong>, de 37 anos, durante uma briga familiar, em&nbsp;<a class=\"\" href=\"https:\/\/g1.globo.com\/mt\/mato-grosso\/cidade\/rondonopolis\/\">Rondon\u00f3polis<\/a>, a 218 km de Cuiab\u00e1, nesse s\u00e1bado (27). De acordo com a Pol\u00edcia Militar, o caso ocorreu ap\u00f3s o filho se irritar por ver o pai discutindo com a m\u00e3e.<\/p>\n\n\n\n<p>Segundo a PM, o caso foi registrado quando militares faziam ronda na MT-270 e o homem foi at\u00e9 a viatura contar que havia sido baleado pelo filho. Em seguida, o pai foi encaminhado ao hospital, onde foi atendido e\u00a0est\u00e1 fora de perigo, segundo os m\u00e9dicos.<\/p>\n\n\n\n<p>\u00c0 pol\u00edcia, a m\u00e3e do menino disse que estava em casa bebendo e comendo com a fam\u00edlia e alguns amigos quando come\u00e7ou a discuss\u00e3o com o marido. De acordo com os policiais,&nbsp;<strong>o menino atirou por se irritar com a situa\u00e7\u00e3o.<\/strong>&nbsp;A arma usada durante o ato foi apreendida pela Pol\u00edcia Militar.<\/p>\n\n\n\n<p>O Conselho Tutelar de&nbsp;<a class=\"\" href=\"https:\/\/g1.globo.com\/mt\/mato-grosso\/cidade\/juscimeira\/\">Juscimeira<\/a>, a 164 km de Cuiab\u00e1, foi acionado e a crian\u00e7a foi encaminhada at\u00e9 a Delegacia de Rondon\u00f3polis para registro de ocorr\u00eancia e&nbsp;<strong>depois foi entregue para a fam\u00edlia<\/strong>.<\/p>\n\n\n\n<h2 class=\"wp-block-heading\">O que diz a lei<\/h2>\n\n\n\n<p>A legisla\u00e7\u00e3o brasileira, conforme estabelecido pelo Estatuto da Crian\u00e7a e do Adolescente (ECA), diferencia o tratamento de atos infracionais cometidos por crian\u00e7as (menores de 12 anos) e adolescentes (12 a 18 anos).<\/p>\n\n\n\n<p>Quando uma crian\u00e7a comete um ato infracional, ela \u00e9 considerada em situa\u00e7\u00e3o de risco ou vulnerabilidade social e deve ser encaminhada ao Conselho Tutelar, que pode aplicar medidas de prote\u00e7\u00e3o como: encaminhamento aos pais ou respons\u00e1veis, orienta\u00e7\u00e3o, apoio e acompanhamento tempor\u00e1rios, matr\u00edcula obrigat\u00f3ria em escola, inclus\u00e3o em programas de prote\u00e7\u00e3o e promo\u00e7\u00e3o da fam\u00edlia, tratamento m\u00e9dico ou psicol\u00f3gico, acolhimento institucional ou familiar, e coloca\u00e7\u00e3o em fam\u00edlia substituta.<\/p>\n\n\n\n<p>Por outro lado, os atos infracionais cometidos por adolescentes, que seriam considerados crimes ou contraven\u00e7\u00f5es penais se praticados por adultos, s\u00e3o regulados pelo ECA, que prev\u00ea medidas socioeducativas. Essas medidas incluem advert\u00eancia, repara\u00e7\u00e3o do dano, presta\u00e7\u00e3o de servi\u00e7os \u00e0 comunidade, liberdade assistida, semiliberdade e interna\u00e7\u00e3o em estabelecimento educacional.<\/p>\n\n\n\n<p><\/p>\n","protected":false},"excerpt":{"rendered":"<p>G1-MT Uma crian\u00e7a de 11 anos atirou contra o rosto do pr\u00f3prio pai, de 37 anos, durante uma briga familiar, em&nbsp;Rondon\u00f3polis, a 218 km de Cuiab\u00e1, nesse s\u00e1bado (27). De acordo com a Pol\u00edcia Militar, o caso ocorreu ap\u00f3s o filho se irritar por ver o pai discutindo com a m\u00e3e. Segundo a PM, o [&hellip;]<\/p>\n","protected":false},"author":2,"featured_media":1801,"comment_status":"closed","ping_status":"closed","sticky":false,"template":"","format":"standard","meta":{"_monsterinsights_skip_tracking":false,"_monsterinsights_sitenote_active":false,"_monsterinsights_sitenote_note":"","_monsterinsights_sitenote_category":0,"footnotes":""},"categories":[1],"tags":[],"_links":{"self":[{"href":"https:\/\/nazarenonews.com.br\/index.php\/wp-json\/wp\/v2\/posts\/1800"}],"collection":[{"href":"https:\/\/nazarenonews.com.br\/index.php\/wp-json\/wp\/v2\/posts"}],"about":[{"href":"https:\/\/nazarenonews.com.br\/index.php\/wp-json\/wp\/v2\/types\/post"}],"author":[{"embeddable":true,"href":"https:\/\/nazarenonews.com.br\/index.php\/wp-json\/wp\/v2\/users\/2"}],"replies":[{"embeddable":true,"href":"https:\/\/nazarenonews.com.br\/index.php\/wp-json\/wp\/v2\/comments?post=1800"}],"version-history":[{"count":1,"href":"https:\/\/nazarenonews.com.br\/index.php\/wp-json\/wp\/v2\/posts\/1800\/revisions"}],"predecessor-version":[{"id":1802,"href":"https:\/\/nazarenonews.com.br\/index.php\/wp-json\/wp\/v2\/posts\/1800\/revisions\/1802"}],"wp:featuredmedia":[{"embeddable":true,"href":"https:\/\/nazarenonews.com.br\/index.php\/wp-json\/wp\/v2\/media\/1801"}],"wp:attachment":[{"href":"https:\/\/nazarenonews.com.br\/index.php\/wp-json\/wp\/v2\/media?parent=1800"}],"wp:term":[{"taxonomy":"category","embeddable":true,"href":"https:\/\/nazarenonews.com.br\/index.php\/wp-json\/wp\/v2\/categories?post=1800"},{"taxonomy":"post_tag","embeddable":true,"href":"https:\/\/nazarenonews.com.br\/index.php\/wp-json\/wp\/v2\/tags?post=1800"}],"curies":[{"name":"wp","href":"https:\/\/api.w.org\/{rel}","templated":true}]}}