{"id":1796,"date":"2024-07-28T14:08:48","date_gmt":"2024-07-28T18:08:48","guid":{"rendered":"https:\/\/nazarenonews.com.br\/?p=1796"},"modified":"2024-07-28T14:08:48","modified_gmt":"2024-07-28T18:08:48","slug":"na-volta-do-festival-de-inverno-quatro-motoristas-sao-presos-por-dirigirem-bebados","status":"publish","type":"post","link":"https:\/\/nazarenonews.com.br\/index.php\/2024\/07\/28\/na-volta-do-festival-de-inverno-quatro-motoristas-sao-presos-por-dirigirem-bebados\/","title":{"rendered":"Na volta do Festival de Inverno quatro motoristas s\u00e3o presos por dirigirem b\u00eabados"},"content":{"rendered":"\n<p>DO REP\u00d3RTER MT<\/p>\n\n\n\n<p>A 75\u00aa edi\u00e7\u00e3o da Opera\u00e7\u00e3o Lei Seca, realizada na madrugada deste domingo (28), resultou na pris\u00e3o de quatro motoristas embriagados e remo\u00e7\u00e3o de 27 ve\u00edculos, na MT-251, conhecida como Estrada de Chapada, em Cuiab\u00e1. &nbsp;<\/p>\n\n\n\n<p>As abordagens come\u00e7aram por volta das 3h, em frente ao Batalh\u00e3o de Tr\u00e2nsito Urbano e Rodovi\u00e1rio da Pol\u00edcia Militar, e resultaram na emiss\u00e3o de 43 autos de infra\u00e7\u00e3o.<\/p>\n\n\n\n<p>Desses, quatro foram por dire\u00e7\u00e3o sob efeito de \u00e1lcool, cinco por recusa do teste de alcoolemia, dois por condu\u00e7\u00e3o sem Carteira Nacional de Habilita\u00e7\u00e3o (CNH), 18 por condu\u00e7\u00e3o de ve\u00edculo sem registro ou n\u00e3o licenciado e 14 por outras infra\u00e7\u00f5es.<\/p>\n\n\n\n<p>Durante a opera\u00e7\u00e3o, foram fiscalizados 238 ve\u00edculos e 41 motoristas foram autuados. No total, 254 pessoas realizaram o teste do baf\u00f4metro.<\/p>\n\n\n\n<p>A Opera\u00e7\u00e3o Lei Seca \u00e9 realizada pela Secretaria de Estado de Seguran\u00e7a P\u00fablica (Sesp-MT), sob a coordenadoria do Gabinete de Gest\u00e3o Integrada (GGI), com as equipes do Batalh\u00e3o de Tr\u00e2nsito (BPMTran), Pol\u00edcia Militar, Delegacia de Tr\u00e2nsito (Deletran) da Pol\u00edcia Judici\u00e1ria Civil, Departamento Estadual de Tr\u00e2nsito (Detran), Guarda Municipal, Corpo de Bombeiros (CBM-MT), Pol\u00edcia Penal, Sistema Socioeducativo, e Secretaria de Mobilidade Urbana (Semob).<\/p>\n","protected":false},"excerpt":{"rendered":"<p>DO REP\u00d3RTER MT A 75\u00aa edi\u00e7\u00e3o da Opera\u00e7\u00e3o Lei Seca, realizada na madrugada deste domingo (28), resultou na pris\u00e3o de quatro motoristas embriagados e remo\u00e7\u00e3o de 27 ve\u00edculos, na MT-251, conhecida como Estrada de Chapada, em Cuiab\u00e1. &nbsp; As abordagens come\u00e7aram por volta das 3h, em frente ao Batalh\u00e3o de Tr\u00e2nsito Urbano e Rodovi\u00e1rio da [&hellip;]<\/p>\n","protected":false},"author":2,"featured_media":1797,"comment_status":"closed","ping_status":"closed","sticky":false,"template":"","format":"standard","meta":{"_monsterinsights_skip_tracking":false,"_monsterinsights_sitenote_active":false,"_monsterinsights_sitenote_note":"","_monsterinsights_sitenote_category":0,"footnotes":""},"categories":[1],"tags":[],"_links":{"self":[{"href":"https:\/\/nazarenonews.com.br\/index.php\/wp-json\/wp\/v2\/posts\/1796"}],"collection":[{"href":"https:\/\/nazarenonews.com.br\/index.php\/wp-json\/wp\/v2\/posts"}],"about":[{"href":"https:\/\/nazarenonews.com.br\/index.php\/wp-json\/wp\/v2\/types\/post"}],"author":[{"embeddable":true,"href":"https:\/\/nazarenonews.com.br\/index.php\/wp-json\/wp\/v2\/users\/2"}],"replies":[{"embeddable":true,"href":"https:\/\/nazarenonews.com.br\/index.php\/wp-json\/wp\/v2\/comments?post=1796"}],"version-history":[{"count":1,"href":"https:\/\/nazarenonews.com.br\/index.php\/wp-json\/wp\/v2\/posts\/1796\/revisions"}],"predecessor-version":[{"id":1798,"href":"https:\/\/nazarenonews.com.br\/index.php\/wp-json\/wp\/v2\/posts\/1796\/revisions\/1798"}],"wp:featuredmedia":[{"embeddable":true,"href":"https:\/\/nazarenonews.com.br\/index.php\/wp-json\/wp\/v2\/media\/1797"}],"wp:attachment":[{"href":"https:\/\/nazarenonews.com.br\/index.php\/wp-json\/wp\/v2\/media?parent=1796"}],"wp:term":[{"taxonomy":"category","embeddable":true,"href":"https:\/\/nazarenonews.com.br\/index.php\/wp-json\/wp\/v2\/categories?post=1796"},{"taxonomy":"post_tag","embeddable":true,"href":"https:\/\/nazarenonews.com.br\/index.php\/wp-json\/wp\/v2\/tags?post=1796"}],"curies":[{"name":"wp","href":"https:\/\/api.w.org\/{rel}","templated":true}]}}