{"id":1793,"date":"2024-07-28T14:06:28","date_gmt":"2024-07-28T18:06:28","guid":{"rendered":"https:\/\/nazarenonews.com.br\/?p=1793"},"modified":"2024-07-28T14:06:28","modified_gmt":"2024-07-28T18:06:28","slug":"motorista-morre-ao-bater-carro-contra-caminhonete-na-mt-320","status":"publish","type":"post","link":"https:\/\/nazarenonews.com.br\/index.php\/2024\/07\/28\/motorista-morre-ao-bater-carro-contra-caminhonete-na-mt-320\/","title":{"rendered":"Motorista morre ao bater carro contra caminhonete na MT-320"},"content":{"rendered":"\n<p>G1-MT<\/p>\n\n\n\n<p>Um acidente envolvendo um carro de passeio e uma caminhonete tirou a vida de&nbsp;<strong>Laor Ant\u00f4nio de Carvalho Pontes Gestal J\u00fanior, de 57 anos<\/strong>, na tarde dessa sexta-feira (26). A batida aconteceu pr\u00f3ximo ao ped\u00e1gio, sentido Alta Floresta, na MT-320 em Nova Cana\u00e3 do Norte, a 681 km de Cuiab\u00e1.<\/p>\n\n\n\n<p>A v\u00edtima conduzia o ve\u00edculo de passeio e bateu contra a caminhonete que seguia no sentido contr\u00e1rio.\u00a0A parte frontal da caminhonete ficou destru\u00edda. J\u00e1 o carro capotou \u00e0s margens da rodovia.<\/p>\n\n\n\n<p>De acordo com a Pol\u00edcia Civil, quando as equipes chegaram no local, Laor j\u00e1 estava morto.&nbsp;O casal que conduzia a caminhonete teve ferimentos pelo corpo, estava consciente e foi encaminhado para o Hospital Regional de Col\u00edder.<\/p>\n\n\n\n<p>O local foi isolado para an\u00e1lises da Per\u00edcia Oficial e Identifica\u00e7\u00e3o T\u00e9cnica (Politec). A Pol\u00edcia Civil apura as causas do acidente.<\/p>\n","protected":false},"excerpt":{"rendered":"<p>G1-MT Um acidente envolvendo um carro de passeio e uma caminhonete tirou a vida de&nbsp;Laor Ant\u00f4nio de Carvalho Pontes Gestal J\u00fanior, de 57 anos, na tarde dessa sexta-feira (26). A batida aconteceu pr\u00f3ximo ao ped\u00e1gio, sentido Alta Floresta, na MT-320 em Nova Cana\u00e3 do Norte, a 681 km de Cuiab\u00e1. A v\u00edtima conduzia o ve\u00edculo [&hellip;]<\/p>\n","protected":false},"author":2,"featured_media":1794,"comment_status":"closed","ping_status":"closed","sticky":false,"template":"","format":"standard","meta":{"_monsterinsights_skip_tracking":false,"_monsterinsights_sitenote_active":false,"_monsterinsights_sitenote_note":"","_monsterinsights_sitenote_category":0,"footnotes":""},"categories":[1],"tags":[],"_links":{"self":[{"href":"https:\/\/nazarenonews.com.br\/index.php\/wp-json\/wp\/v2\/posts\/1793"}],"collection":[{"href":"https:\/\/nazarenonews.com.br\/index.php\/wp-json\/wp\/v2\/posts"}],"about":[{"href":"https:\/\/nazarenonews.com.br\/index.php\/wp-json\/wp\/v2\/types\/post"}],"author":[{"embeddable":true,"href":"https:\/\/nazarenonews.com.br\/index.php\/wp-json\/wp\/v2\/users\/2"}],"replies":[{"embeddable":true,"href":"https:\/\/nazarenonews.com.br\/index.php\/wp-json\/wp\/v2\/comments?post=1793"}],"version-history":[{"count":1,"href":"https:\/\/nazarenonews.com.br\/index.php\/wp-json\/wp\/v2\/posts\/1793\/revisions"}],"predecessor-version":[{"id":1795,"href":"https:\/\/nazarenonews.com.br\/index.php\/wp-json\/wp\/v2\/posts\/1793\/revisions\/1795"}],"wp:featuredmedia":[{"embeddable":true,"href":"https:\/\/nazarenonews.com.br\/index.php\/wp-json\/wp\/v2\/media\/1794"}],"wp:attachment":[{"href":"https:\/\/nazarenonews.com.br\/index.php\/wp-json\/wp\/v2\/media?parent=1793"}],"wp:term":[{"taxonomy":"category","embeddable":true,"href":"https:\/\/nazarenonews.com.br\/index.php\/wp-json\/wp\/v2\/categories?post=1793"},{"taxonomy":"post_tag","embeddable":true,"href":"https:\/\/nazarenonews.com.br\/index.php\/wp-json\/wp\/v2\/tags?post=1793"}],"curies":[{"name":"wp","href":"https:\/\/api.w.org\/{rel}","templated":true}]}}