{"id":1785,"date":"2024-07-27T15:41:07","date_gmt":"2024-07-27T19:41:07","guid":{"rendered":"https:\/\/nazarenonews.com.br\/?p=1785"},"modified":"2024-07-27T15:47:36","modified_gmt":"2024-07-27T19:47:36","slug":"previsao-do-tempo-sabado-27-tem-alerta-para-baixa-umidade-no-centro-oeste","status":"publish","type":"post","link":"https:\/\/nazarenonews.com.br\/index.php\/2024\/07\/27\/previsao-do-tempo-sabado-27-tem-alerta-para-baixa-umidade-no-centro-oeste\/","title":{"rendered":"PREVIS\u00c3O DO TEMPO: s\u00e1bado (27) tem alerta para baixa umidade no Centro-Oeste"},"content":{"rendered":"\n<p>S\u00e1bado (27) sem chuvas e com alerta para baixa umidade no Centro-Oeste.<\/p>\n\n\n\n<p><strong>Avisos meteorol\u00f3gicos<\/strong><\/p>\n\n\n\n<p>O Instituto Nacional de Meteorologia (Inmet) alerta para perigo potencial de baixa umidade no Distrito Federal, Goi\u00e1s, Mato Grosso e Mato Grosso do Sul, atingindo cidades como Bras\u00edlia (DF), Luzi\u00e2nia (GO), Juara (MT) e Tr\u00eas Lagoas (MS).<\/p>\n\n\n\n<p><strong>Confira agora a previs\u00e3o do tempo no seu estado.&nbsp;<\/strong><\/p>\n\n\n\n<p><strong>Distrito Federal<\/strong><\/p>\n\n\n\n<p>A previs\u00e3o para este s\u00e1bado (27) \u00e9 de tempo aberto em todo o Distrito Federal.<\/p>\n\n\n\n<p><strong>Goi\u00e1s<\/strong><\/p>\n\n\n\n<p>A previs\u00e3o \u00e9 de c\u00e9u claro e com poucas nuvens em todo o estado de Goi\u00e1s, em cidades como Niquel\u00e2ndia e Pires do Rio.<\/p>\n\n\n\n<p><strong>Mato Grosso<\/strong><\/p>\n\n\n\n<p>A previs\u00e3o \u00e9 de c\u00e9u claro e com poucas nuvens em todo o Mato Grosso durante o dia e \u00e0 noite, em cidades como Quer\u00eancia e Tangar\u00e1 da Serra.<\/p>\n\n\n\n<p><strong>Mato Grosso do Sul<\/strong><\/p>\n\n\n\n<p>A previs\u00e3o para este s\u00e1bado (27) \u00e9 de c\u00e9u claro e com poucas nuvens em quase todo o Mato Grosso do Sul, com exce\u00e7\u00e3o das microrregi\u00f5es de Dourados e Iguatemi.&nbsp;<\/p>\n\n\n\n<p><strong>Temperatura m\u00ednima e m\u00e1xima na regi\u00e3o<\/strong><\/p>\n\n\n\n<p>A temperatura m\u00ednima fica em torno de 11\u00b0C&nbsp;em Bras\u00edlia, no Distrito Federal,&nbsp;e a m\u00e1xima prevista \u00e9 de 39\u00baC na cidade de Apiac\u00e1s, no Mato Grosso. A umidade relativa do ar varia entre 15% e 85%.<\/p>\n\n\n\n<p>As informa\u00e7\u00f5es s\u00e3o do Instituto Nacional de Meteorologia.<\/p>\n\n\n\n<p>Fonte: <a href=\"https:\/\/brasil61.com\/n\/previsao-do-tempo-sabado-27-tem-alerta-para-baixa-umidade-no-centro-oeste-ptco243699\" target=\"_blank\" rel=\"noreferrer noopener\">Brasil 61<\/a><\/p>\n","protected":false},"excerpt":{"rendered":"<p>S\u00e1bado (27) sem chuvas e com alerta para baixa umidade no Centro-Oeste. Avisos meteorol\u00f3gicos O Instituto Nacional de Meteorologia (Inmet) alerta para perigo potencial de baixa umidade no Distrito Federal, Goi\u00e1s, Mato Grosso e Mato Grosso do Sul, atingindo cidades como Bras\u00edlia (DF), Luzi\u00e2nia (GO), Juara (MT) e Tr\u00eas Lagoas (MS). Confira agora a previs\u00e3o [&hellip;]<\/p>\n","protected":false},"author":2,"featured_media":1243,"comment_status":"closed","ping_status":"closed","sticky":false,"template":"","format":"standard","meta":{"_monsterinsights_skip_tracking":false,"_monsterinsights_sitenote_active":false,"_monsterinsights_sitenote_note":"","_monsterinsights_sitenote_category":0,"footnotes":""},"categories":[52],"tags":[],"_links":{"self":[{"href":"https:\/\/nazarenonews.com.br\/index.php\/wp-json\/wp\/v2\/posts\/1785"}],"collection":[{"href":"https:\/\/nazarenonews.com.br\/index.php\/wp-json\/wp\/v2\/posts"}],"about":[{"href":"https:\/\/nazarenonews.com.br\/index.php\/wp-json\/wp\/v2\/types\/post"}],"author":[{"embeddable":true,"href":"https:\/\/nazarenonews.com.br\/index.php\/wp-json\/wp\/v2\/users\/2"}],"replies":[{"embeddable":true,"href":"https:\/\/nazarenonews.com.br\/index.php\/wp-json\/wp\/v2\/comments?post=1785"}],"version-history":[{"count":1,"href":"https:\/\/nazarenonews.com.br\/index.php\/wp-json\/wp\/v2\/posts\/1785\/revisions"}],"predecessor-version":[{"id":1787,"href":"https:\/\/nazarenonews.com.br\/index.php\/wp-json\/wp\/v2\/posts\/1785\/revisions\/1787"}],"wp:featuredmedia":[{"embeddable":true,"href":"https:\/\/nazarenonews.com.br\/index.php\/wp-json\/wp\/v2\/media\/1243"}],"wp:attachment":[{"href":"https:\/\/nazarenonews.com.br\/index.php\/wp-json\/wp\/v2\/media?parent=1785"}],"wp:term":[{"taxonomy":"category","embeddable":true,"href":"https:\/\/nazarenonews.com.br\/index.php\/wp-json\/wp\/v2\/categories?post=1785"},{"taxonomy":"post_tag","embeddable":true,"href":"https:\/\/nazarenonews.com.br\/index.php\/wp-json\/wp\/v2\/tags?post=1785"}],"curies":[{"name":"wp","href":"https:\/\/api.w.org\/{rel}","templated":true}]}}