{"id":1775,"date":"2024-07-27T15:33:13","date_gmt":"2024-07-27T19:33:13","guid":{"rendered":"https:\/\/nazarenonews.com.br\/?p=1775"},"modified":"2024-07-27T15:33:42","modified_gmt":"2024-07-27T19:33:42","slug":"internacoes-por-infarto-aumentam-no-inverno-dizem-especialistas","status":"publish","type":"post","link":"https:\/\/nazarenonews.com.br\/index.php\/2024\/07\/27\/internacoes-por-infarto-aumentam-no-inverno-dizem-especialistas\/","title":{"rendered":"Interna\u00e7\u00f5es por infarto aumentam no inverno, dizem especialistas"},"content":{"rendered":"\n<p>Gazeta Digital\/Agencia Brasil<\/p>\n\n\n\n<p>De acordo com dados do Observat\u00f3rio de Sa\u00fade Cardiovascular do Instituto Nacional de Cardiologia (INC), baseado em informa\u00e7\u00f5es do Datasus, do Minist\u00e9rio da Sa\u00fade, que abrangem o per\u00edodo de 2008 a 2023, a esta\u00e7\u00e3o do inverno propicia aumento de interna\u00e7\u00f5es por infarto. Esse aumento alcan\u00e7a at\u00e9 12%, no Brasil, em pessoas que apresentam fatores de risco, disse nesta sexta-feira (26) \u00e0 Ag\u00eancia Brasil a diretora do INC, Aurora Issa. Em n\u00edvel mundial, o \u00edndice chega a 30%.<\/p>\n\n\n\n<p>Alguns aspectos fisiopatol\u00f3gicos colaboram para o aumento de infartos nessa \u00e9poca do ano, destacou a doutora Aurora.<\/p>\n\n\n\n<p>\u201cUma das situa\u00e7\u00f5es \u00e9 que o frio faz os vasos sangu\u00edneos se contra\u00edrem em resposta ao frio. Com isso, em alguns casos, pode ter aumento da press\u00e3o arterial e isso acaba criando uma resist\u00eancia ao bombeamento de sangue do cora\u00e7\u00e3o, o que pode sobrecarregar um pouco o cora\u00e7\u00e3o. \u00c9 um dos mecanismos\u201d.<\/p>\n\n\n\n<p>Outra fator \u00e9 o n\u00famero de interna\u00e7\u00f5es por infec\u00e7\u00f5es respirat\u00f3rias que ocorrem no inverno.<\/p>\n\n\n\n<p>\u201cA infec\u00e7\u00e3o respirat\u00f3ria tem potencial de, nos pacientes que t\u00eam placa de gordura nas art\u00e9rias coron\u00e1rias, principal substrato para a ocorr\u00eancia de infarto, instabilizar as placas e formar trombos\u201d. O trombo impede a passagem do sangue no vaso e isso acontece com frequ\u00eancia significativa em pacientes com infec\u00e7\u00e3o respirat\u00f3ria no inverno, diz a especialista.<\/p>\n\n\n\n<p><strong>Sintomas<\/strong><br>Alguns sintomas podem alertar que a pessoa est\u00e1 tendo um infarto. \u201cO sintoma cl\u00e1ssico \u00e9 a dor no peito prolongada, em geral uma dor a que o paciente n\u00e3o est\u00e1 acostumado e que n\u00e3o passa com medica\u00e7\u00f5es usuais\u201d.<\/p>\n\n\n\n<p>Tamb\u00e9m podem ocorrer apresenta\u00e7\u00f5es at\u00edpicas. Algumas vezes, o paciente pode ter apenas um desconforto, falta de ar, cansa\u00e7o. \u201cSe tiver sintomas diferentes do habitual, a pessoa deve procurar aux\u00edlio para. Sem d\u00favida, o mais frequente \u00e9 a dor no peito prolongada, que pode irradiar para o bra\u00e7o esquerdo.<\/p>\n\n\n\n<p>A recomenda\u00e7\u00e3o \u00e9 procurar imediatamente o servi\u00e7o m\u00e9dico. \u201cQuanto mais tempo a pessoa que est\u00e1 infartando demora para receber assist\u00eancia, mais vai perdendo m\u00fasculo card\u00edaco e o dano pode chegar \u00e0 necrose, que \u00e9 a morte celular.&#8221; O atendimento tem que ser r\u00e1pido para a desobstru\u00e7\u00e3o da art\u00e9ria, o que pode ser feito por meio de medica\u00e7\u00e3o ou do procedimento de angioplastia&#8221;, explicou.<\/p>\n\n\n\n<p><strong>Preven\u00e7\u00e3o<\/strong><br>O cardiologista Flavio Cure, respons\u00e1vel pelo servi\u00e7o de Cardio-oncologia da Rede D\u2019Or, afirmou que as pessoas com maior propens\u00e3o a doen\u00e7as cardiovasculares, como cardiopatas, idosos e portadores de outras doen\u00e7as cr\u00f4nicas devem adotar medidas preventivas ao infarto no inverno.<\/p>\n\n\n\n<p>\u201cQuando est\u00e1 frio, para manter a temperatura, o organismo diminui o calibre dos vasos e libera adrenalina, ent\u00e3o o cora\u00e7\u00e3o trabalha mais\u201d. Ele recomenda que as pessoas controlem a press\u00e3o, o peso, a glicose e o colesterol. \u201cDevem tentar manter os fatores de risco sob controle.\u201d<\/p>\n\n\n\n<p>Outra coisa \u00e9 que no frio, costuma-se beber menos \u00e1gua, o que faz o sangue ficar mais espesso. Da\u00ed, recomendou que se beba uma maior quantidade de l\u00edquidos nessa \u00e9poca do ano. O m\u00e9dico deixa claro que qualquer pessoa pode ter infarto, embora para quem tiver altera\u00e7\u00e3o na circula\u00e7\u00e3o do cora\u00e7\u00e3o, a chance seja maior. \u201cMuitas vezes, a pessoa nem sabe. Ent\u00e3o, todo mundo deve se proteger do frio.\u201d<\/p>\n\n\n\n<p>O infarto \u00e9 mais frequente nos homens do que nas mulheres, segundo a diretora do INC, Aurora Issa.<\/p>\n\n\n\n<p>Segundo o cardiologista Flavio Cure nos homens, a ocorr\u00eancia de infarto aumenta mais a partir dos 50 anos de idade e, na mulher, acima de 60 anos. Pode acontecer com jovens, mas \u00e9 mais raro, porque a circula\u00e7\u00e3o do jovem \u00e9 maior, desde que ele n\u00e3o tenha nenhuma doen\u00e7a de base.<\/p>\n","protected":false},"excerpt":{"rendered":"<p>Gazeta Digital\/Agencia Brasil De acordo com dados do Observat\u00f3rio de Sa\u00fade Cardiovascular do Instituto Nacional de Cardiologia (INC), baseado em informa\u00e7\u00f5es do Datasus, do Minist\u00e9rio da Sa\u00fade, que abrangem o per\u00edodo de 2008 a 2023, a esta\u00e7\u00e3o do inverno propicia aumento de interna\u00e7\u00f5es por infarto. Esse aumento alcan\u00e7a at\u00e9 12%, no Brasil, em pessoas que [&hellip;]<\/p>\n","protected":false},"author":2,"featured_media":1777,"comment_status":"closed","ping_status":"closed","sticky":false,"template":"","format":"standard","meta":{"_monsterinsights_skip_tracking":false,"_monsterinsights_sitenote_active":false,"_monsterinsights_sitenote_note":"","_monsterinsights_sitenote_category":0,"footnotes":""},"categories":[1],"tags":[],"_links":{"self":[{"href":"https:\/\/nazarenonews.com.br\/index.php\/wp-json\/wp\/v2\/posts\/1775"}],"collection":[{"href":"https:\/\/nazarenonews.com.br\/index.php\/wp-json\/wp\/v2\/posts"}],"about":[{"href":"https:\/\/nazarenonews.com.br\/index.php\/wp-json\/wp\/v2\/types\/post"}],"author":[{"embeddable":true,"href":"https:\/\/nazarenonews.com.br\/index.php\/wp-json\/wp\/v2\/users\/2"}],"replies":[{"embeddable":true,"href":"https:\/\/nazarenonews.com.br\/index.php\/wp-json\/wp\/v2\/comments?post=1775"}],"version-history":[{"count":2,"href":"https:\/\/nazarenonews.com.br\/index.php\/wp-json\/wp\/v2\/posts\/1775\/revisions"}],"predecessor-version":[{"id":1778,"href":"https:\/\/nazarenonews.com.br\/index.php\/wp-json\/wp\/v2\/posts\/1775\/revisions\/1778"}],"wp:featuredmedia":[{"embeddable":true,"href":"https:\/\/nazarenonews.com.br\/index.php\/wp-json\/wp\/v2\/media\/1777"}],"wp:attachment":[{"href":"https:\/\/nazarenonews.com.br\/index.php\/wp-json\/wp\/v2\/media?parent=1775"}],"wp:term":[{"taxonomy":"category","embeddable":true,"href":"https:\/\/nazarenonews.com.br\/index.php\/wp-json\/wp\/v2\/categories?post=1775"},{"taxonomy":"post_tag","embeddable":true,"href":"https:\/\/nazarenonews.com.br\/index.php\/wp-json\/wp\/v2\/tags?post=1775"}],"curies":[{"name":"wp","href":"https:\/\/api.w.org\/{rel}","templated":true}]}}