{"id":17709,"date":"2025-11-07T07:01:34","date_gmt":"2025-11-07T11:01:34","guid":{"rendered":"https:\/\/nazarenonews.com.br\/?p=17709"},"modified":"2025-11-07T07:04:21","modified_gmt":"2025-11-07T11:04:21","slug":"namorado-de-avo-e-preso-suspeito-de-abusar-sexualmente-de-neta-de-1-ano-em-mt","status":"publish","type":"post","link":"https:\/\/nazarenonews.com.br\/index.php\/2025\/11\/07\/namorado-de-avo-e-preso-suspeito-de-abusar-sexualmente-de-neta-de-1-ano-em-mt\/","title":{"rendered":"Namorado de av\u00f3 \u00e9 preso suspeito de abusar sexualmente de neta de 1 ano em MT"},"content":{"rendered":"\n<p>Um homem de 31 anos foi preso na ter\u00e7a-feira (4)&nbsp;<strong>suspeito de abusar sexualmente de uma crian\u00e7a de um ano de idade<\/strong>&nbsp;em&nbsp;<a class=\"\" href=\"https:\/\/g1.globo.com\/mt\/mato-grosso\/cidade\/tapurah\/\">Tapurah<\/a>, a 414 km de Cuiab\u00e1. Ele \u00e9 namorado da av\u00f3 da crian\u00e7a h\u00e1 cerca de um ano e, aos policiais,&nbsp;<strong>negou que tenha cometido o crime.<\/strong><\/p>\n\n\n\n<p>Ao&nbsp;<a class=\"\" href=\"https:\/\/g1.globo.com\/mt\/mato-grosso\/\"><strong>g1<\/strong><\/a>, o delegado Franklin Alves, respons\u00e1vel pelo caso, explicou que o suspeito foi detido assim que a pol\u00edcia foi avisada pela m\u00e3e da crian\u00e7a, e permanece preso at\u00e9 que mais exames gen\u00e9ticos sejam conclu\u00eddos.<\/p>\n\n\n\n<p>&#8220;Nosso receio era que ele fugisse. \u00c9 uma situa\u00e7\u00e3o muito delicada. No confronto gen\u00e9tico feito pela Politec j\u00e1 viram que houve abuso&#8221;, afirmou.<\/p>\n\n\n\n<p>Outros exames s\u00e3o esperados para a conclus\u00e3o da investiga\u00e7\u00e3o. Segundo o delegado, todos os envolvidos j\u00e1 foram ouvidos.<\/p>\n\n\n\n<p>A m\u00e3e da crian\u00e7a est\u00e1 bastante abalada e passando mal diante da situa\u00e7\u00e3o. J\u00e1 a crian\u00e7a est\u00e1 aparentemente bem, conforme Alves.<\/p>\n\n\n\n<p>O relacionamento da av\u00f3 com o suspeito \u00e9 cheio de idas e vindas, com uma rela\u00e7\u00e3o inst\u00e1vel, de acordo com o delegado. Na ter\u00e7a-feira (4), o suspeito teve a pris\u00e3o em flagrante convertida em preventiva.<\/p>\n\n\n\n<p>A investiga\u00e7\u00e3o come\u00e7ou na segunda-feira (3), quando a Pol\u00edcia Civil foi acionada pelo Hospital Municipal sobre um poss\u00edvel caso de estupro de vulner\u00e1vel. No exame, foi constatado a presen\u00e7a de s\u00eamen na urina da menina.<\/p>\n\n\n\n<p>Segundo a pol\u00edcia, tr\u00eas testes de urina foram feitos e todos os resultados apresentaram a presen\u00e7a de espermatozoides j\u00e1 sem vida, o que indicou que o abuso ocorreu h\u00e1 poucos dias.<\/p>\n\n\n\n<p>A m\u00e3e da crian\u00e7a disse \u00e0 pol\u00edcia que, no s\u00e1bado (1\u00ba), deixou a crian\u00e7a na casa da av\u00f3 da menina. Na noite do mesmo dia, quando foi dar banho na filha percebeu uma irrita\u00e7\u00e3o na pele na regi\u00e3o genital da crian\u00e7a.<\/p>\n\n\n\n<p>Al\u00e9m da av\u00f3 da crian\u00e7a, na casa tamb\u00e9m estava o companheiro dela. Diante disso, os policiais foram at\u00e9 a casa do suspeito e o prenderam em flagrante.<\/p>\n\n\n\n<p>O suspeito foi levado para a delegacia e colocado \u00e0 disposi\u00e7\u00e3o da Justi\u00e7a. A Pol\u00edcia Civil investiga o caso.<\/p>\n\n\n\n<p>g1-MT<\/p>\n","protected":false},"excerpt":{"rendered":"<p>Um homem de 31 anos foi preso na ter\u00e7a-feira (4)&nbsp;suspeito de abusar sexualmente de uma crian\u00e7a de um ano de idade&nbsp;em&nbsp;Tapurah, a 414 km de Cuiab\u00e1. Ele \u00e9 namorado da av\u00f3 da crian\u00e7a h\u00e1 cerca de um ano e, aos policiais,&nbsp;negou que tenha cometido o crime. Ao&nbsp;g1, o delegado Franklin Alves, respons\u00e1vel pelo caso, explicou [&hellip;]<\/p>\n","protected":false},"author":2,"featured_media":17710,"comment_status":"closed","ping_status":"closed","sticky":false,"template":"","format":"standard","meta":{"_monsterinsights_skip_tracking":false,"_monsterinsights_sitenote_active":false,"_monsterinsights_sitenote_note":"","_monsterinsights_sitenote_category":0,"footnotes":""},"categories":[1],"tags":[],"_links":{"self":[{"href":"https:\/\/nazarenonews.com.br\/index.php\/wp-json\/wp\/v2\/posts\/17709"}],"collection":[{"href":"https:\/\/nazarenonews.com.br\/index.php\/wp-json\/wp\/v2\/posts"}],"about":[{"href":"https:\/\/nazarenonews.com.br\/index.php\/wp-json\/wp\/v2\/types\/post"}],"author":[{"embeddable":true,"href":"https:\/\/nazarenonews.com.br\/index.php\/wp-json\/wp\/v2\/users\/2"}],"replies":[{"embeddable":true,"href":"https:\/\/nazarenonews.com.br\/index.php\/wp-json\/wp\/v2\/comments?post=17709"}],"version-history":[{"count":1,"href":"https:\/\/nazarenonews.com.br\/index.php\/wp-json\/wp\/v2\/posts\/17709\/revisions"}],"predecessor-version":[{"id":17711,"href":"https:\/\/nazarenonews.com.br\/index.php\/wp-json\/wp\/v2\/posts\/17709\/revisions\/17711"}],"wp:featuredmedia":[{"embeddable":true,"href":"https:\/\/nazarenonews.com.br\/index.php\/wp-json\/wp\/v2\/media\/17710"}],"wp:attachment":[{"href":"https:\/\/nazarenonews.com.br\/index.php\/wp-json\/wp\/v2\/media?parent=17709"}],"wp:term":[{"taxonomy":"category","embeddable":true,"href":"https:\/\/nazarenonews.com.br\/index.php\/wp-json\/wp\/v2\/categories?post=17709"},{"taxonomy":"post_tag","embeddable":true,"href":"https:\/\/nazarenonews.com.br\/index.php\/wp-json\/wp\/v2\/tags?post=17709"}],"curies":[{"name":"wp","href":"https:\/\/api.w.org\/{rel}","templated":true}]}}