{"id":1661,"date":"2024-07-23T07:23:52","date_gmt":"2024-07-23T11:23:52","guid":{"rendered":"https:\/\/nazarenonews.com.br\/?p=1661"},"modified":"2024-07-23T07:23:52","modified_gmt":"2024-07-23T11:23:52","slug":"ifmt-abre-inscricoes-para-cursos-gratuitos-em-19-campus","status":"publish","type":"post","link":"https:\/\/nazarenonews.com.br\/index.php\/2024\/07\/23\/ifmt-abre-inscricoes-para-cursos-gratuitos-em-19-campus\/","title":{"rendered":"IFMT abre inscri\u00e7\u00f5es para cursos gratuitos em 19 c\u00e2mpus"},"content":{"rendered":"\n<p>G1-MT<\/p>\n\n\n\n<p>O Instituto Federal de Mato Grosso (IFMT) abriu, nesta segunda-feira (22), as\u00a0<a class=\"\" href=\"https:\/\/seletivo.ifmt.edu.br\/\" target=\"_blank\" rel=\"noreferrer noopener\">inscri\u00e7\u00f5es\u00a0<\/a>para cursos gratuitos de n\u00edvel t\u00e9cnico e superior em 19 c\u00e2mpus. A taxa de inscri\u00e7\u00e3o varia de R$ 50 a R$ 80, mas a isen\u00e7\u00e3o pode ser solicitada at\u00e9 o dia 18 de julho de 2024.<\/p>\n\n\n\n<p>As oportunidades de qualifica\u00e7\u00e3o s\u00e3o para quem j\u00e1 concluiu o ensino fundamental e quer fazer o ensino m\u00e9dio junto com um curso t\u00e9cnico (curso t\u00e9cnico integrado); para quem terminou o ensino m\u00e9dio e quer fazer s\u00f3 um curso t\u00e9cnico (curso t\u00e9cnico subsequente); e para quem terminou o ensino m\u00e9dio e quer fazer um curso superior.<\/p>\n\n\n\n<p>Para todas as modalidades de qualifica\u00e7\u00e3o as&nbsp;<strong>aulas come\u00e7am em 2025.<\/strong><\/p>\n\n\n\n<p>No campus&nbsp;<a class=\"\" href=\"https:\/\/g1.globo.com\/mt\/mato-grosso\/cidade\/cuiaba\/\">Cuiab\u00e1<\/a>&nbsp;Octayde s\u00e3o 505 vagas em cursos t\u00e9cnicos integrados ao ensino m\u00e9dio, 50 vagas para cursos t\u00e9cnicos p\u00f3s m\u00e9dio e 465 vagas para cursos de gradua\u00e7\u00e3o.<\/p>\n\n\n\n<h2 class=\"wp-block-heading\">Como vai funcionar a sele\u00e7\u00e3o?<\/h2>\n\n\n\n<ul>\n<li><strong>Para os que desejam fazer o ensino m\u00e9dio integrado<\/strong>\u00a0<strong>com algum curso t\u00e9cnico:<\/strong><\/li>\n<\/ul>\n\n\n\n<p>S\u00e3o ofertadas 3.185 vagas no estado. Ter\u00e1 uma prova objetiva com 40 quest\u00f5es de portugu\u00eas e matem\u00e1tica (n\u00edvel fundamental).&nbsp;<strong>A prova acontecer\u00e1 no dia 20 de outubro de 2024<\/strong>. As inscri\u00e7\u00f5es est\u00e3o abertas at\u00e9 o dia 8 de setembro de 2024 e o valor de inscri\u00e7\u00e3o \u00e9 R$ 50.<\/p>\n\n\n\n<ul>\n<li><strong>Para quem j\u00e1 concluiu o ensino m\u00e9dio e tem interesse em um curso t\u00e9cnico:<\/strong><\/li>\n<\/ul>\n\n\n\n<p>S\u00e3o ofertadas 232 vagas em cinco c\u00e2mpus ( Campus C\u00e1ceres, Campus Cuiab\u00e1 , Campus&nbsp;<a class=\"\" href=\"https:\/\/g1.globo.com\/mt\/mato-grosso\/cidade\/confresa\/\">Confresa<\/a>, Campus&nbsp;<a class=\"\" href=\"https:\/\/g1.globo.com\/mt\/mato-grosso\/cidade\/primavera-do-leste\/\">Primavera do Leste<\/a>, Campus S\u00e3o Vicente em&nbsp;<a class=\"\" href=\"https:\/\/g1.globo.com\/mt\/mato-grosso\/cidade\/campo-verde\/\">Campo Verde<\/a>&nbsp;e Campus S\u00e3o Vicente em&nbsp;<a class=\"\" href=\"https:\/\/g1.globo.com\/mt\/mato-grosso\/cidade\/jaciara\/\">Jaciara<\/a>). A sele\u00e7\u00e3o ser\u00e1 feita pela m\u00e9dia das notas de portugu\u00eas e matem\u00e1tica dos 1\u00ba e 2\u00ba anos do ensino m\u00e9dio.&nbsp;<strong>N\u00e3o ter\u00e1 prova e as inscri\u00e7\u00f5es v\u00e3o at\u00e9 o dia 04 de outubro de 2024<\/strong>. O valor de inscri\u00e7\u00e3o \u00e9 R$ 50.<\/p>\n\n\n\n<ul>\n<li><strong>Para quem j\u00e1 concluiu o ensino m\u00e9dio e quer ingressar em curso superior (tecnologia e bacharelado):<\/strong><\/li>\n<\/ul>\n\n\n\n<p>S\u00e3o 1.375 vagas, distribu\u00eddas em 38 cursos e ofertadas em 17 c\u00e2mpus. Para concorrer \u00e1s vagas \u00e9 necess\u00e1rio ter conclu\u00eddo o ensino m\u00e9dio. Ter\u00e1 uma prova objetiva com 50 quest\u00f5es baseadas nas disciplinas do ensino m\u00e9dio. A prova acontecer\u00e1 no dia 13 de outubro de 2024.&nbsp;<strong>As inscri\u00e7\u00f5es e solicita\u00e7\u00e3o de isen\u00e7\u00e3o da taxa v\u00e3o at\u00e9 o dia 30 de agosto de 2024&nbsp;<\/strong>e o valor de inscri\u00e7\u00e3o \u00e9 R$80,00.<\/p>\n\n\n\n<p>Os c\u00e2mpus que est\u00e3o com inscri\u00e7\u00f5es abertas para os cursos superiores at\u00e9 o dia 30 de agosto de 2024 s\u00e3o:<\/p>\n\n\n\n<ul>\n<li>Alta Floresta<\/li>\n\n\n\n<li>Barra do Gar\u00e7as<\/li>\n\n\n\n<li>C\u00e1ceres \u2013 Prof. Oleg\u00e1rio Baldo<\/li>\n\n\n\n<li>Campo Novo do Parecis<\/li>\n\n\n\n<li>Confresa<\/li>\n\n\n\n<li>Cuiab\u00e1 Bela Vista e Octayde Jorge da Silva;<\/li>\n\n\n\n<li>Diamantino<\/li>\n\n\n\n<li>Ju\u00edna<\/li>\n\n\n\n<li>Lucas do Rio Verde<\/li>\n\n\n\n<li>Pontes e Lacerda \u2013 Fronteira Oeste<\/li>\n\n\n\n<li>Primavera do Leste<\/li>\n\n\n\n<li>Rondon\u00f3polis<\/li>\n\n\n\n<li>S\u00e3o Vicente<\/li>\n\n\n\n<li>Campo Verde<\/li>\n\n\n\n<li>Sorriso<\/li>\n\n\n\n<li>Tangar\u00e1 da Serra<\/li>\n\n\n\n<li>V\u00e1rzea Grande<\/li>\n<\/ul>\n\n\n\n<p>Os institutos de sete munic\u00edpios oferecem 355 vagas espec\u00edficas para cursos superiores. A seletiva ser\u00e1 pelas notas do candidato entre o 1\u00ba e 2\u00ba ano do ensino m\u00e9dio. As inscri\u00e7\u00f5es v\u00e3o at\u00e9 at\u00e9&nbsp;<strong>dia 06 de setembro de 2024 e n\u00e3o ser\u00e1 cobrada taxa de inscri\u00e7\u00e3o.<\/strong><\/p>\n\n\n\n<p>Os cursos ser\u00e3o ofertados nos campus de C\u00e1ceres, Cuiab\u00e1, Confresa, Primavera do Leste, Campo Verde e Jaciara.<\/p>\n\n\n\n<p><\/p>\n","protected":false},"excerpt":{"rendered":"<p>G1-MT O Instituto Federal de Mato Grosso (IFMT) abriu, nesta segunda-feira (22), as\u00a0inscri\u00e7\u00f5es\u00a0para cursos gratuitos de n\u00edvel t\u00e9cnico e superior em 19 c\u00e2mpus. A taxa de inscri\u00e7\u00e3o varia de R$ 50 a R$ 80, mas a isen\u00e7\u00e3o pode ser solicitada at\u00e9 o dia 18 de julho de 2024. As oportunidades de qualifica\u00e7\u00e3o s\u00e3o para quem [&hellip;]<\/p>\n","protected":false},"author":2,"featured_media":1662,"comment_status":"closed","ping_status":"closed","sticky":false,"template":"","format":"standard","meta":{"_monsterinsights_skip_tracking":false,"_monsterinsights_sitenote_active":false,"_monsterinsights_sitenote_note":"","_monsterinsights_sitenote_category":0,"footnotes":""},"categories":[36,1],"tags":[],"_links":{"self":[{"href":"https:\/\/nazarenonews.com.br\/index.php\/wp-json\/wp\/v2\/posts\/1661"}],"collection":[{"href":"https:\/\/nazarenonews.com.br\/index.php\/wp-json\/wp\/v2\/posts"}],"about":[{"href":"https:\/\/nazarenonews.com.br\/index.php\/wp-json\/wp\/v2\/types\/post"}],"author":[{"embeddable":true,"href":"https:\/\/nazarenonews.com.br\/index.php\/wp-json\/wp\/v2\/users\/2"}],"replies":[{"embeddable":true,"href":"https:\/\/nazarenonews.com.br\/index.php\/wp-json\/wp\/v2\/comments?post=1661"}],"version-history":[{"count":1,"href":"https:\/\/nazarenonews.com.br\/index.php\/wp-json\/wp\/v2\/posts\/1661\/revisions"}],"predecessor-version":[{"id":1663,"href":"https:\/\/nazarenonews.com.br\/index.php\/wp-json\/wp\/v2\/posts\/1661\/revisions\/1663"}],"wp:featuredmedia":[{"embeddable":true,"href":"https:\/\/nazarenonews.com.br\/index.php\/wp-json\/wp\/v2\/media\/1662"}],"wp:attachment":[{"href":"https:\/\/nazarenonews.com.br\/index.php\/wp-json\/wp\/v2\/media?parent=1661"}],"wp:term":[{"taxonomy":"category","embeddable":true,"href":"https:\/\/nazarenonews.com.br\/index.php\/wp-json\/wp\/v2\/categories?post=1661"},{"taxonomy":"post_tag","embeddable":true,"href":"https:\/\/nazarenonews.com.br\/index.php\/wp-json\/wp\/v2\/tags?post=1661"}],"curies":[{"name":"wp","href":"https:\/\/api.w.org\/{rel}","templated":true}]}}