{"id":1653,"date":"2024-07-23T07:13:27","date_gmt":"2024-07-23T11:13:27","guid":{"rendered":"https:\/\/nazarenonews.com.br\/?p=1653"},"modified":"2024-07-23T07:15:37","modified_gmt":"2024-07-23T11:15:37","slug":"jovem-baleado-pelo-pai-na-cabeca-morre-em-uti-de-cuiaba-apos-6-dias-internado","status":"publish","type":"post","link":"https:\/\/nazarenonews.com.br\/index.php\/2024\/07\/23\/jovem-baleado-pelo-pai-na-cabeca-morre-em-uti-de-cuiaba-apos-6-dias-internado\/","title":{"rendered":"Jovem baleado pelo pai na cabe\u00e7a morre em UTI de Cuiab\u00e1 ap\u00f3s 6 dias internado"},"content":{"rendered":"\n<p>GAZETADIGITAL<\/p>\n\n\n\n<p>Rafael Campos Barbosa Nakamura, 23, teve morte encef\u00e1lica constatada na tarde desta segunda-feira (22). Ele foi baleado pelo pr\u00f3prio pai no dia 16 de julho. A v\u00edtima foi socorrida em estado grav\u00edssimo para o hospital de Ju\u00edna (735 km a noroeste de Cuiab\u00e1), com um disparo na nuca e les\u00e3o na testa, sendo depois transferida para Cuiab\u00e1, onde estava em uma unidade de tratamento intensivo.<\/p>\n\n\n\n<p>As dilig\u00eancias realizadas pelas delegacias da Pol\u00edcia Civil de Colniza e de Cotrigua\u00e7u descartaram a hip\u00f3tese de que o disparo acidental contra o jovem tenha sido acidental, como alegou o pai. Os policiais apuraram ainda que o investigado apresentava um hist\u00f3rico de agress\u00f5es contra a fam\u00edlia.<\/p>\n\n\n\n<p>Durante depoimentos colhidos na investiga\u00e7\u00e3o e an\u00e1lise de provas materiais, a Pol\u00edcia Civil constatou que o disparo feito pelo pai contra o filho foi proposital.<\/p>\n\n\n\n<p>Samuel Pires Barbosa, 45, se apresentou no dia do crime \u00e0 unidade da Pol\u00edcia Militar do Distrito de Nova Uni\u00e3o, entregou a arma e alegou que o disparo teria ocorrido acidentalmente durante uma discuss\u00e3o com o filho. Na ocasi\u00e3o, ele foi detido em flagrante por porte ilegal de arma de fogo.<\/p>\n\n\n\n<p>O delegado de Cotrigua\u00e7u, Lucas Pereira Santos, explicou que a pris\u00e3o em flagrante do pai foi convertida em preventiva e ele segue detido na unidade prisional de Colniza. \u201cEle responder\u00e1 pelos crimes de posse e porte ilegal de arma de fogo e agora pelo homic\u00eddio consumado\u201d, pontuou.<\/p>\n\n\n\n<p>Paralelamente \u00e0 investiga\u00e7\u00e3o do homic\u00eddio, a delegacia de Cotrigua\u00e7u instaurou outro procedimento para apurar as agress\u00f5es cometidas pelo investigado contra os membros da fam\u00edlia e ele poder\u00e1 responder tamb\u00e9m pelo crime de tortura.<\/p>\n\n\n\n<p>Nazarenonews\/Gazetadigital <\/p>\n","protected":false},"excerpt":{"rendered":"<p>GAZETADIGITAL Rafael Campos Barbosa Nakamura, 23, teve morte encef\u00e1lica constatada na tarde desta segunda-feira (22). Ele foi baleado pelo pr\u00f3prio pai no dia 16 de julho. A v\u00edtima foi socorrida em estado grav\u00edssimo para o hospital de Ju\u00edna (735 km a noroeste de Cuiab\u00e1), com um disparo na nuca e les\u00e3o na testa, sendo depois [&hellip;]<\/p>\n","protected":false},"author":2,"featured_media":1656,"comment_status":"closed","ping_status":"closed","sticky":false,"template":"","format":"standard","meta":{"_monsterinsights_skip_tracking":false,"_monsterinsights_sitenote_active":false,"_monsterinsights_sitenote_note":"","_monsterinsights_sitenote_category":0,"footnotes":""},"categories":[1],"tags":[],"_links":{"self":[{"href":"https:\/\/nazarenonews.com.br\/index.php\/wp-json\/wp\/v2\/posts\/1653"}],"collection":[{"href":"https:\/\/nazarenonews.com.br\/index.php\/wp-json\/wp\/v2\/posts"}],"about":[{"href":"https:\/\/nazarenonews.com.br\/index.php\/wp-json\/wp\/v2\/types\/post"}],"author":[{"embeddable":true,"href":"https:\/\/nazarenonews.com.br\/index.php\/wp-json\/wp\/v2\/users\/2"}],"replies":[{"embeddable":true,"href":"https:\/\/nazarenonews.com.br\/index.php\/wp-json\/wp\/v2\/comments?post=1653"}],"version-history":[{"count":2,"href":"https:\/\/nazarenonews.com.br\/index.php\/wp-json\/wp\/v2\/posts\/1653\/revisions"}],"predecessor-version":[{"id":1657,"href":"https:\/\/nazarenonews.com.br\/index.php\/wp-json\/wp\/v2\/posts\/1653\/revisions\/1657"}],"wp:featuredmedia":[{"embeddable":true,"href":"https:\/\/nazarenonews.com.br\/index.php\/wp-json\/wp\/v2\/media\/1656"}],"wp:attachment":[{"href":"https:\/\/nazarenonews.com.br\/index.php\/wp-json\/wp\/v2\/media?parent=1653"}],"wp:term":[{"taxonomy":"category","embeddable":true,"href":"https:\/\/nazarenonews.com.br\/index.php\/wp-json\/wp\/v2\/categories?post=1653"},{"taxonomy":"post_tag","embeddable":true,"href":"https:\/\/nazarenonews.com.br\/index.php\/wp-json\/wp\/v2\/tags?post=1653"}],"curies":[{"name":"wp","href":"https:\/\/api.w.org\/{rel}","templated":true}]}}