{"id":14805,"date":"2025-08-03T10:58:36","date_gmt":"2025-08-03T14:58:36","guid":{"rendered":"https:\/\/nazarenonews.com.br\/?p=14805"},"modified":"2025-08-03T10:58:37","modified_gmt":"2025-08-03T14:58:37","slug":"reaja-brasil-atos-por-impeachment-de-moraes-e-lula-mobilizam-oposicao-pelo-pais","status":"publish","type":"post","link":"https:\/\/nazarenonews.com.br\/index.php\/2025\/08\/03\/reaja-brasil-atos-por-impeachment-de-moraes-e-lula-mobilizam-oposicao-pelo-pais\/","title":{"rendered":"\u201cReaja Brasil\u201d: atos por impeachment de Moraes e Lula mobilizam oposi\u00e7\u00e3o pelo pa\u00eds"},"content":{"rendered":"\n<p>Parlamentares da direita e apoiadores do ex-presidente Jair Bolsonaro (PL) est\u00e3o indo \u00e0s ruas neste domingo (3) para pedir o impeachment do ministro Alexandre de Moraes, do Supremo Tribunal Federal (STF), e do presidente Luiz In\u00e1cio Lula da Silva (PT).\u00a0<a href=\"https:\/\/www.gazetadopovo.com.br\/republica\/manifestacoes-pro-bolsonaro-ganham-folego-apos-sancoes-dos-eua-contra-moraes\/\" target=\"_blank\" rel=\"noreferrer noopener\">Essa \u00e9 a primeira vez que os organizadores v\u00e3o pulverizar os atos em todo o pa\u00eds com a convoca\u00e7\u00e3o de atos em ao menos 37 cidades<\/a>.\u00a0<\/p>\n\n\n\n<p>Os atos j\u00e1 come\u00e7aram nesta manh\u00e3 em ao menos quatro capitais: Bras\u00edlia (DF), Belo Horizonte (MG), Rio de Janeiro (RJ) e Goi\u00e2nia (GO). Na capital de S\u00e3o Paulo a manifesta\u00e7\u00e3o deve ocorrer somente a tarde, mas por volta das 11h j\u00e1 havia mobiliza\u00e7\u00e3o de pessoas vestidas de verde e amarelo na Avenida Paulista. J\u00e1 havia tamb\u00e9m cartazes com os rostos do senador Rodrigo Pacheco (PSD-MG) e do presidente da C\u00e2mara Hugo Motta (Republicanos-PB) e a frase &#8220;Inimigos da Na\u00e7\u00e3o&#8221;, al\u00e9m de pedidos por anistia.<\/p>\n\n\n\n<p>Na capital federal, manifestantes vestidos de verde e amarelo gritavam as palavras de ordem &#8220;fora Lula, fora Moraes&#8221;, enquanto parlamentares de direita, como as deputadas federais Bia Kicis (PL-DF) e Caroline De Toni (PL-SC) e o deputado distrital Thiago Monzani, discursavam.<\/p>\n\n\n\n<p>Em seu discurso, a deputada Bia Kicis criticou o projeto de lei apresentado pelo l\u00edder do PT na C\u00e2mara, Lindbergh Farias (RJ) que visa punir o &#8220;crime de trai\u00e7\u00e3o nacional&#8221; com pena de 20 a 40 anos de pris\u00e3o. &#8220;Vamos falar para eles quem s\u00e3o os traidores da P\u00e1tria! Aqueles partidos que recebem dinheiro de fora, de narcotraficantes, aqueles que querem entregar o Brasil pra China, que criaram o Foro de S\u00e3o Paulo. Aqueles que receberam ajuda da Usaid para interferir nas elei\u00e7\u00f5es de 2022 e calar a voz dos conservadores e atrapalhar a elei\u00e7\u00e3o do Bolsonaro. Esses s\u00e3o os traidores da P\u00e1tria. Se vier uma lei de traidores, quem vai em &#8216;cana&#8217; s\u00e3o eles&#8221;, disse a deputada. O discurso foi seguido por gritos de &#8220;fora Lula&#8221; e &#8220;fora Moraes&#8221;.<\/p>\n\n\n\n<p>\u00c0&nbsp;<strong>Gazeta do Povo<\/strong>, Caroline De Toni disse que com os atos o Brasil est\u00e1 mostrando mais uma vez o que anseia. &#8220;Anistia j\u00e1, fora Lula e fora Moraes&#8221;, listou a deputada catarinense.<\/p>\n\n\n\n<p>Em Belo Horizonte, manifestantes concentrados na Pra\u00e7a da Liberdade entoavam um coro de &#8220;obrigado Eduardo Bolsonaro&#8221;, em refer\u00eancia \u00e0 articula\u00e7\u00e3o feita pelo deputado licenciado junto ao governo de Donald Trump para a aplica\u00e7\u00e3o de san\u00e7\u00f5es contra Moraes. Tamb\u00e9m houve gritos em favor da anistia aos presos do 8 de janeiro de 2023. E breve, o deputado Nikolas Ferreira (PL-MG) deve discursar no ato.<\/p>\n\n\n\n<p>Direto dos Estados Unidos, Eduardo Bolsonaro (PL-SP) marcou presen\u00e7a na manifesta\u00e7\u00e3o na Pra\u00e7a da Liberdade, em Belo Horizonte, e agradeceu ao p\u00fablico pelo apoio durante sua participa\u00e7\u00e3o ao vivo, transmitida pelo tel\u00e3o do evento. O filho do ex-presidente afirmou que as san\u00e7\u00f5es contra o ministro do STF podem ser ampliadas tamb\u00e9m para o continente europeu, com o apoio de parlamentares da direita.<\/p>\n\n\n\n<p>\u201cNingu\u00e9m faz nada sozinho. Se voc\u00eas n\u00e3o estivessem nas ruas, essas imagens n\u00e3o estariam correndo o mundo; eu n\u00e3o estaria aparecendo na imprensa internacional nem conseguiria manter contato e sustentar, junto ao eurodeputado Dominik Tarczynski, o pedido para que agora, com mais 15 deputados europeus, se busque sancionar Moraes tamb\u00e9m na Uni\u00e3o Europeia\u201d, declarou. \u201cEm breve, nem Paris haver\u00e1 mais para eles\u201d, completou Eduardo.<\/p>\n\n\n\n<p>Ele afirmou ainda que est\u00e1 com as contas bloqueadas no Brasil e que, se tivesse permanecido no pa\u00eds, j\u00e1 estaria preso, assim como os acusados nos processos do 8 de janeiro. O filho do ex-presidente Bolsonaro tamb\u00e9m cobrou a vota\u00e7\u00e3o imediata do PL da Anistia no Congresso Nacional.<\/p>\n\n\n\n<p>\u201cEstou me lixando, Alexandre de Moraes, se voc\u00ea est\u00e1 me chamando de miliciano, porque voc\u00ea fez muito pior. Est\u00e1 mandando senhoras de idade para a cadeia, colocou o Filipe Martins seis meses na cadeia, come\u00e7ando pela solit\u00e1ria [&#8230;]. Aqui, C\u00e1rmen L\u00facia, n\u00e3o s\u00e3o 213 milh\u00f5es de pequenos ditadores, \u00e9 o povo brasileiro que est\u00e1 dando o recado\u201d, afirmou.<\/p>\n\n\n\n<p>No interior do pa\u00eds tamb\u00e9m h\u00e1 mobiliza\u00e7\u00e3o. Em, Chapec\u00f3, cidade do Oeste de Santa Catarina, por exemplo, uma carreta j\u00e1 ocorreu.<\/p>\n\n\n\n<p>Segundo o\u00a0<a href=\"https:\/\/www.gazetadopovo.com.br\/republica\/manifestacao-3-agosto-malafaia-fora-moraes-anistia\/\" target=\"_blank\" rel=\"noreferrer noopener\">pastor Silas Malafaia<\/a>, um dos organizadores, a ideia \u00e9 &#8220;marcar posi\u00e7\u00e3o&#8221; contra os abusos nas decis\u00f5es do ministro Alexandre de Moraes. A expectativa da oposi\u00e7\u00e3o \u00e9 de que as san\u00e7\u00f5es impostas pelo presidente dos Estados Unidos, Donald Trump, contra o magistrado do STF nesta semana ampliem a mobiliza\u00e7\u00e3o dos apoiadores de Bolsonaro.\u00a0Moraes<a href=\"https:\/\/www.gazetadopovo.com.br\/mundo\/eua-incluem-moraes-lei-magnitsky-punir-estrangeiros\/\" target=\"_blank\" rel=\"noreferrer noopener\">\u00a0foi inclu\u00eddo na lista de pessoas sancionadas pela Lei Magnitsky<\/a>. A legisla\u00e7\u00e3o impede o ministro do Supremo de entrar nos Estados Unidos, al\u00e9m de vetar transa\u00e7\u00f5es financeiras no pa\u00eds e com empresas americanas.\u00a0<\/p>\n\n\n\n<p>\u201cA convoca\u00e7\u00e3o para a manifesta\u00e7\u00e3o \u00e9 para todas as cidades. Pode ser uma caminhada, uma carreata, uma motociata, ir at\u00e9 a pra\u00e7a da cidade \u2013 o importante \u00e9 sair \u00e0s ruas de verde e amarelo. \u00c9 esse o chamado que estamos fazendo para todas as cidades brasileiras, diferente das manifesta\u00e7\u00f5es anteriores, que foram concentradas no Rio ou em S\u00e3o Paulo&#8221;, disse Malafaia.&nbsp;<\/p>\n\n\n\n<p>O ex-presidente Bolsonaro n\u00e3o vai comparecer aos atos, pois est\u00e1 impedido de deixar sua resid\u00eancia em Bras\u00edlia aos finais de semana por conta das medidas restritivas impostas por Moraes. Apesar disso, pol\u00edticos aliados de Bolsonaro se organizam para represent\u00e1-lo em diversas regi\u00f5es do pa\u00eds. &nbsp;<\/p>\n\n\n\n<p>Em S\u00e3o Paulo, onde \u00e9 esperada a maior concentra\u00e7\u00e3o de p\u00fablico, o evento ser\u00e1 liderado por Malafaia e pelo deputado Nikolas Ferreira (PL-MG), a partir das 14h. O governador Tarc\u00edsio de Freitas (Republicanos) n\u00e3o deve comparecer porque vai passar por um procedimento m\u00e9dico.&nbsp;<\/p>\n\n\n\n<p>&#8220;Nosso foco \u00e9 defender a liberdade, [protestar] contra os absurdos de Alexandre de Moraes, apoiado pela &#8216;Suprema Corte de Censura&#8217;\u201d, completou Malafaia.\u00a0<\/p>\n\n\n\n<p>Nikolas Ferreira defende que o momento \u00e9 o mais oportuno para a mobiliza\u00e7\u00e3o. O deputado protocolou na \u00faltima quarta-feira (30) um novo pedido de impeachment contra Moraes.&nbsp;<\/p>\n\n\n\n<p>\u201cN\u00e3o se trata mais de den\u00fancia isolada. O mundo est\u00e1 assistindo. E agora, oficialmente, uma das maiores democracias do planeta reconhece que h\u00e1 no Brasil um magistrado que viola direitos fundamentais, persegue opositores e destr\u00f3i as bases do Estado de Direito&#8221;, defendeu o deputado. &nbsp;<\/p>\n\n\n\n<p>Os organizadores tamb\u00e9m prometem defender a pauta do impeachment do presidente Luiz In\u00e1cio Lula da Silva (PT). O tema ser\u00e1 levantado ainda que, nos bastidores da oposi\u00e7\u00e3o, a op\u00e7\u00e3o seja vista como pouco prov\u00e1vel, pois n\u00e3o haveria tempo suficiente para concluir o processo at\u00e9 o fim do mandato presidencial.<\/p>\n\n\n\n<p>Gazetadopovo<\/p>\n","protected":false},"excerpt":{"rendered":"<p>Parlamentares da direita e apoiadores do ex-presidente Jair Bolsonaro (PL) est\u00e3o indo \u00e0s ruas neste domingo (3) para pedir o impeachment do ministro Alexandre de Moraes, do Supremo Tribunal Federal (STF), e do presidente Luiz In\u00e1cio Lula da Silva (PT).\u00a0Essa \u00e9 a primeira vez que os organizadores v\u00e3o pulverizar os atos em todo o pa\u00eds [&hellip;]<\/p>\n","protected":false},"author":2,"featured_media":14806,"comment_status":"closed","ping_status":"closed","sticky":false,"template":"","format":"standard","meta":{"_monsterinsights_skip_tracking":false,"_monsterinsights_sitenote_active":false,"_monsterinsights_sitenote_note":"","_monsterinsights_sitenote_category":0,"footnotes":""},"categories":[36,37,1,48],"tags":[],"_links":{"self":[{"href":"https:\/\/nazarenonews.com.br\/index.php\/wp-json\/wp\/v2\/posts\/14805"}],"collection":[{"href":"https:\/\/nazarenonews.com.br\/index.php\/wp-json\/wp\/v2\/posts"}],"about":[{"href":"https:\/\/nazarenonews.com.br\/index.php\/wp-json\/wp\/v2\/types\/post"}],"author":[{"embeddable":true,"href":"https:\/\/nazarenonews.com.br\/index.php\/wp-json\/wp\/v2\/users\/2"}],"replies":[{"embeddable":true,"href":"https:\/\/nazarenonews.com.br\/index.php\/wp-json\/wp\/v2\/comments?post=14805"}],"version-history":[{"count":1,"href":"https:\/\/nazarenonews.com.br\/index.php\/wp-json\/wp\/v2\/posts\/14805\/revisions"}],"predecessor-version":[{"id":14807,"href":"https:\/\/nazarenonews.com.br\/index.php\/wp-json\/wp\/v2\/posts\/14805\/revisions\/14807"}],"wp:featuredmedia":[{"embeddable":true,"href":"https:\/\/nazarenonews.com.br\/index.php\/wp-json\/wp\/v2\/media\/14806"}],"wp:attachment":[{"href":"https:\/\/nazarenonews.com.br\/index.php\/wp-json\/wp\/v2\/media?parent=14805"}],"wp:term":[{"taxonomy":"category","embeddable":true,"href":"https:\/\/nazarenonews.com.br\/index.php\/wp-json\/wp\/v2\/categories?post=14805"},{"taxonomy":"post_tag","embeddable":true,"href":"https:\/\/nazarenonews.com.br\/index.php\/wp-json\/wp\/v2\/tags?post=14805"}],"curies":[{"name":"wp","href":"https:\/\/api.w.org\/{rel}","templated":true}]}}