{"id":14793,"date":"2025-08-02T12:52:35","date_gmt":"2025-08-02T16:52:35","guid":{"rendered":"https:\/\/nazarenonews.com.br\/?p=14793"},"modified":"2025-08-02T12:52:35","modified_gmt":"2025-08-02T16:52:35","slug":"direita-espera-reunir-5-mil-pessoas-em-ato-contra-lula-e-moraes","status":"publish","type":"post","link":"https:\/\/nazarenonews.com.br\/index.php\/2025\/08\/02\/direita-espera-reunir-5-mil-pessoas-em-ato-contra-lula-e-moraes\/","title":{"rendered":"Direita espera reunir 5 mil pessoas em ato contra Lula e Moraes"},"content":{"rendered":"\n<p>Movimento Direita Mato Grosso espera reunir at\u00e9 cinco mil pessoas no ato \u201cReaja Brasil\u201d, que ser\u00e1 realizado neste domingo (03), na Pra\u00e7a do Chopp\u00e3o, em Cuiab\u00e1. O evento ser\u00e1 em defesa do ex-presidente Jair Bolsonaro (PL), que est\u00e1 sendo monitorado por tornozeleira eletr\u00f4nica, al\u00e9m de cumprir recolhimento domiciliar no per\u00edodo noturno e aos finais de semana, por determina\u00e7\u00e3o do ministro Alexandre de Moraes, do Supremo Tribunal Federal (STF).<\/p>\n\n\n\n<p>Al\u00e9m disso, o ato \u00e9 contra Moraes e contra o presidente da Rep\u00fablica, Luiz In\u00e1cio Lula da Silva (PT).<\/p>\n\n\n\n<p>Os organizadores acreditam que o tarifa\u00e7o de 50% contra o Brasil e a aplica\u00e7\u00e3o da Lei Magnitsky contra Alexandre de Moraes, medidas adotadas pelos Estados Unidos, aumentar\u00e3o a mobiliza\u00e7\u00e3o social e atrair\u00e3o um p\u00fablico consider\u00e1vel ao protesto deste domingo.<\/p>\n\n\n\n<p><em><strong>\u201cCom essas san\u00e7\u00f5es que aconteceram, acreditamos que haver\u00e1 um bom p\u00fablico. Esperamos entre tr\u00eas e cinco mil pessoas\u201d<\/strong><\/em>, disse o ex-vereador Rafael Yonekubo, um dos organizadores do ato.<\/p>\n\n\n\n<p>Realizado \u00e0s 16h, o evento deve reunir alguns dos nomes mais expressivos da direita em Mato Grosso, como os deputados estaduais Gilberto Cattani, Faissal Calil e Elizeu Nascimento; os vereadores Paula Calil, Samanta \u00cdris e Tenente-Coronel Dias; al\u00e9m do secret\u00e1rio de Governo, Ananias Filho.<\/p>\n\n\n\n<p>Rep\u00f3rter MT<\/p>\n\n\n\n<p><\/p>\n","protected":false},"excerpt":{"rendered":"<p>Movimento Direita Mato Grosso espera reunir at\u00e9 cinco mil pessoas no ato \u201cReaja Brasil\u201d, que ser\u00e1 realizado neste domingo (03), na Pra\u00e7a do Chopp\u00e3o, em Cuiab\u00e1. O evento ser\u00e1 em defesa do ex-presidente Jair Bolsonaro (PL), que est\u00e1 sendo monitorado por tornozeleira eletr\u00f4nica, al\u00e9m de cumprir recolhimento domiciliar no per\u00edodo noturno e aos finais de [&hellip;]<\/p>\n","protected":false},"author":2,"featured_media":14794,"comment_status":"closed","ping_status":"closed","sticky":false,"template":"","format":"standard","meta":{"_monsterinsights_skip_tracking":false,"_monsterinsights_sitenote_active":false,"_monsterinsights_sitenote_note":"","_monsterinsights_sitenote_category":0,"footnotes":""},"categories":[1],"tags":[],"_links":{"self":[{"href":"https:\/\/nazarenonews.com.br\/index.php\/wp-json\/wp\/v2\/posts\/14793"}],"collection":[{"href":"https:\/\/nazarenonews.com.br\/index.php\/wp-json\/wp\/v2\/posts"}],"about":[{"href":"https:\/\/nazarenonews.com.br\/index.php\/wp-json\/wp\/v2\/types\/post"}],"author":[{"embeddable":true,"href":"https:\/\/nazarenonews.com.br\/index.php\/wp-json\/wp\/v2\/users\/2"}],"replies":[{"embeddable":true,"href":"https:\/\/nazarenonews.com.br\/index.php\/wp-json\/wp\/v2\/comments?post=14793"}],"version-history":[{"count":1,"href":"https:\/\/nazarenonews.com.br\/index.php\/wp-json\/wp\/v2\/posts\/14793\/revisions"}],"predecessor-version":[{"id":14795,"href":"https:\/\/nazarenonews.com.br\/index.php\/wp-json\/wp\/v2\/posts\/14793\/revisions\/14795"}],"wp:featuredmedia":[{"embeddable":true,"href":"https:\/\/nazarenonews.com.br\/index.php\/wp-json\/wp\/v2\/media\/14794"}],"wp:attachment":[{"href":"https:\/\/nazarenonews.com.br\/index.php\/wp-json\/wp\/v2\/media?parent=14793"}],"wp:term":[{"taxonomy":"category","embeddable":true,"href":"https:\/\/nazarenonews.com.br\/index.php\/wp-json\/wp\/v2\/categories?post=14793"},{"taxonomy":"post_tag","embeddable":true,"href":"https:\/\/nazarenonews.com.br\/index.php\/wp-json\/wp\/v2\/tags?post=14793"}],"curies":[{"name":"wp","href":"https:\/\/api.w.org\/{rel}","templated":true}]}}