{"id":14790,"date":"2025-08-02T12:44:40","date_gmt":"2025-08-02T16:44:40","guid":{"rendered":"https:\/\/nazarenonews.com.br\/?p=14790"},"modified":"2025-08-02T12:44:40","modified_gmt":"2025-08-02T16:44:40","slug":"motociclista-morre-apos-se-envolver-em-acidente-e-bater-contra-arvore-em-mt","status":"publish","type":"post","link":"https:\/\/nazarenonews.com.br\/index.php\/2025\/08\/02\/motociclista-morre-apos-se-envolver-em-acidente-e-bater-contra-arvore-em-mt\/","title":{"rendered":"Motociclista morre ap\u00f3s se envolver em acidente e bater contra \u00e1rvore em MT"},"content":{"rendered":"\n<p>Um motociclista de 56 anos morreu ap\u00f3s se envolver em um acidente de tr\u00e2nsito&nbsp;em&nbsp;<a class=\"\" href=\"https:\/\/g1.globo.com\/mt\/mato-grosso\/cidade\/rondonopolis\/\">Rondon\u00f3polis<\/a>, a 218 km de Cuiab\u00e1, nessa sexta-feira (1). De acordo com a Pol\u00edcia Militar, a v\u00edtima foi identificada como&nbsp;<strong>Carlos Alberto Rocha<\/strong>.<\/p>\n\n\n\n<p>Conforme o boletim de ocorr\u00eancia, o acidente ocorreu no Bairro Residencial Laranjeiras. No local,\u00a0Carlos pilotava a moto quando bateu contra uma \u00e1rvore e morreu. O motociclista levava uma pessoa na garupa, que foi socorrida pelo Servi\u00e7o de Atendimento M\u00f3vel de Urg\u00eancia (Samu) e encaminhada at\u00e9 o Hospital Regional de Rondon\u00f3polis.<\/p>\n\n\n\n<p>\u00c0 PM, a v\u00edtima relatou que ela e Carlos tinham acabado de sair do trabalho e estavam a caminho de casa, quando o acidente ocorreu.<\/p>\n\n\n\n<p>A Pol\u00edcia Civil investiga a din\u00e2mica do acidente.<\/p>\n\n\n\n<p>g1-MT<\/p>\n","protected":false},"excerpt":{"rendered":"<p>Um motociclista de 56 anos morreu ap\u00f3s se envolver em um acidente de tr\u00e2nsito&nbsp;em&nbsp;Rondon\u00f3polis, a 218 km de Cuiab\u00e1, nessa sexta-feira (1). De acordo com a Pol\u00edcia Militar, a v\u00edtima foi identificada como&nbsp;Carlos Alberto Rocha. Conforme o boletim de ocorr\u00eancia, o acidente ocorreu no Bairro Residencial Laranjeiras. No local,\u00a0Carlos pilotava a moto quando bateu contra [&hellip;]<\/p>\n","protected":false},"author":2,"featured_media":14791,"comment_status":"closed","ping_status":"closed","sticky":false,"template":"","format":"standard","meta":{"_monsterinsights_skip_tracking":false,"_monsterinsights_sitenote_active":false,"_monsterinsights_sitenote_note":"","_monsterinsights_sitenote_category":0,"footnotes":""},"categories":[1],"tags":[],"_links":{"self":[{"href":"https:\/\/nazarenonews.com.br\/index.php\/wp-json\/wp\/v2\/posts\/14790"}],"collection":[{"href":"https:\/\/nazarenonews.com.br\/index.php\/wp-json\/wp\/v2\/posts"}],"about":[{"href":"https:\/\/nazarenonews.com.br\/index.php\/wp-json\/wp\/v2\/types\/post"}],"author":[{"embeddable":true,"href":"https:\/\/nazarenonews.com.br\/index.php\/wp-json\/wp\/v2\/users\/2"}],"replies":[{"embeddable":true,"href":"https:\/\/nazarenonews.com.br\/index.php\/wp-json\/wp\/v2\/comments?post=14790"}],"version-history":[{"count":1,"href":"https:\/\/nazarenonews.com.br\/index.php\/wp-json\/wp\/v2\/posts\/14790\/revisions"}],"predecessor-version":[{"id":14792,"href":"https:\/\/nazarenonews.com.br\/index.php\/wp-json\/wp\/v2\/posts\/14790\/revisions\/14792"}],"wp:featuredmedia":[{"embeddable":true,"href":"https:\/\/nazarenonews.com.br\/index.php\/wp-json\/wp\/v2\/media\/14791"}],"wp:attachment":[{"href":"https:\/\/nazarenonews.com.br\/index.php\/wp-json\/wp\/v2\/media?parent=14790"}],"wp:term":[{"taxonomy":"category","embeddable":true,"href":"https:\/\/nazarenonews.com.br\/index.php\/wp-json\/wp\/v2\/categories?post=14790"},{"taxonomy":"post_tag","embeddable":true,"href":"https:\/\/nazarenonews.com.br\/index.php\/wp-json\/wp\/v2\/tags?post=14790"}],"curies":[{"name":"wp","href":"https:\/\/api.w.org\/{rel}","templated":true}]}}