{"id":1197,"date":"2024-07-04T15:38:01","date_gmt":"2024-07-04T19:38:01","guid":{"rendered":"https:\/\/nazarenonews.com.br\/?p=1197"},"modified":"2024-07-04T15:38:01","modified_gmt":"2024-07-04T19:38:01","slug":"empresario-morre-apos-perder-controle-da-direcao-bater-em-cerca-e-capotar-veiculo-em-cuiaba","status":"publish","type":"post","link":"https:\/\/nazarenonews.com.br\/index.php\/2024\/07\/04\/empresario-morre-apos-perder-controle-da-direcao-bater-em-cerca-e-capotar-veiculo-em-cuiaba\/","title":{"rendered":"Empres\u00e1rio morre ap\u00f3s perder controle da dire\u00e7\u00e3o, bater em cerca e capotar ve\u00edculo em Cuiab\u00e1"},"content":{"rendered":"\n<p>Um empres\u00e1rio de 41 anos morreu e uma outra pessoa ficou ferida ap\u00f3s o carro em que estavam bater em uma grade perto do Terminal rodovi\u00e1rio de\u00a0<a class=\"\" href=\"https:\/\/g1.globo.com\/mt\/mato-grosso\/cidade\/cuiaba\/\">Cuiab\u00e1<\/a>, nesta quinta-feira (4). A v\u00edtima foi identificada como Janio Carlos Bernal Guides.<\/p>\n\n\n\n<p>C\u00e2meras de seguran\u00e7a do local mostram o carro em alta velocidade, quando o motorista perde o controle da dire\u00e7\u00e3o e atinge a cerca de uma empresa que freta \u00f4nibus para viagens e turismo.<\/p>\n\n\n\n<p>Segundo a pol\u00edcia, apesar do sistema de&nbsp;<em>airbags&nbsp;<\/em>ter sido acionado,&nbsp;o motorista n\u00e3o resistiu aos ferimentos e morreu no local.&nbsp;Uma segunda v\u00edtima, de 44 anos, ficou ferida e foi socorrida ainda consciente.<\/p>\n\n\n\n<p>As pe\u00e7as do ve\u00edculo ficaram espalhadas pelo local e o ve\u00edculo ficou destru\u00eddo.<\/p>\n\n\n\n<p>Nazarenonews\/g1-mt<\/p>\n","protected":false},"excerpt":{"rendered":"<p>Um empres\u00e1rio de 41 anos morreu e uma outra pessoa ficou ferida ap\u00f3s o carro em que estavam bater em uma grade perto do Terminal rodovi\u00e1rio de\u00a0Cuiab\u00e1, nesta quinta-feira (4). A v\u00edtima foi identificada como Janio Carlos Bernal Guides. C\u00e2meras de seguran\u00e7a do local mostram o carro em alta velocidade, quando o motorista perde o [&hellip;]<\/p>\n","protected":false},"author":2,"featured_media":1198,"comment_status":"closed","ping_status":"closed","sticky":false,"template":"","format":"standard","meta":{"_monsterinsights_skip_tracking":false,"_monsterinsights_sitenote_active":false,"_monsterinsights_sitenote_note":"","_monsterinsights_sitenote_category":0,"footnotes":""},"categories":[1],"tags":[],"_links":{"self":[{"href":"https:\/\/nazarenonews.com.br\/index.php\/wp-json\/wp\/v2\/posts\/1197"}],"collection":[{"href":"https:\/\/nazarenonews.com.br\/index.php\/wp-json\/wp\/v2\/posts"}],"about":[{"href":"https:\/\/nazarenonews.com.br\/index.php\/wp-json\/wp\/v2\/types\/post"}],"author":[{"embeddable":true,"href":"https:\/\/nazarenonews.com.br\/index.php\/wp-json\/wp\/v2\/users\/2"}],"replies":[{"embeddable":true,"href":"https:\/\/nazarenonews.com.br\/index.php\/wp-json\/wp\/v2\/comments?post=1197"}],"version-history":[{"count":1,"href":"https:\/\/nazarenonews.com.br\/index.php\/wp-json\/wp\/v2\/posts\/1197\/revisions"}],"predecessor-version":[{"id":1199,"href":"https:\/\/nazarenonews.com.br\/index.php\/wp-json\/wp\/v2\/posts\/1197\/revisions\/1199"}],"wp:featuredmedia":[{"embeddable":true,"href":"https:\/\/nazarenonews.com.br\/index.php\/wp-json\/wp\/v2\/media\/1198"}],"wp:attachment":[{"href":"https:\/\/nazarenonews.com.br\/index.php\/wp-json\/wp\/v2\/media?parent=1197"}],"wp:term":[{"taxonomy":"category","embeddable":true,"href":"https:\/\/nazarenonews.com.br\/index.php\/wp-json\/wp\/v2\/categories?post=1197"},{"taxonomy":"post_tag","embeddable":true,"href":"https:\/\/nazarenonews.com.br\/index.php\/wp-json\/wp\/v2\/tags?post=1197"}],"curies":[{"name":"wp","href":"https:\/\/api.w.org\/{rel}","templated":true}]}}