{"id":1194,"date":"2024-07-04T15:33:48","date_gmt":"2024-07-04T19:33:48","guid":{"rendered":"https:\/\/nazarenonews.com.br\/?p=1194"},"modified":"2024-07-04T15:33:48","modified_gmt":"2024-07-04T19:33:48","slug":"braco-forte-de-traficante-e-preso-suspeito-de-envolvimento-na-lavagem-de-mais-de-r-65-milhoes-em-mt","status":"publish","type":"post","link":"https:\/\/nazarenonews.com.br\/index.php\/2024\/07\/04\/braco-forte-de-traficante-e-preso-suspeito-de-envolvimento-na-lavagem-de-mais-de-r-65-milhoes-em-mt\/","title":{"rendered":"&#8216;Bra\u00e7o forte&#8217; de traficante \u00e9 preso suspeito de envolvimento na lavagem de mais de R$ 65 milh\u00f5es em MT"},"content":{"rendered":"\n<p>Um alvo da<a class=\"\" href=\"https:\/\/g1.globo.com\/mt\/mato-grosso\/noticia\/2024\/04\/02\/operacao-prende-25-pessoas-suspeitas-de-envolvimento-na-lavagem-de-mais-de-r-65-milhoes-em-mt.ghtml\">&nbsp;Opera\u00e7\u00e3o Apito Final, deflagrada em maio deste ano<\/a>, foi preso em&nbsp;<a class=\"\" href=\"https:\/\/g1.globo.com\/mt\/mato-grosso\/cidade\/chapada-dos-guimaraes\/\">Chapada dos Guimar\u00e3es<\/a>, a 65 km de Cuiab\u00e1, nesta quinta-feira (4), por suspeita de envolvimento na<strong>&nbsp;lavagem de mais de R$ 65 milh\u00f5es<\/strong>. Segundo a Pol\u00edcia Civil, ele \u00e9&nbsp;<strong>considerado um dos &#8216;bra\u00e7os fortes&#8217; de um traficante do estado<\/strong>, que era o alvo principal da investiga\u00e7\u00e3o que levou \u00e0 pris\u00e3o de 20 pessoas, naquele m\u00eas.<\/p>\n\n\n\n<p>Conforme as investiga\u00e7\u00f5es, o homem, que n\u00e3o teve o nome divulgado, era<strong>\u00a0um dos respons\u00e1veis pela arrecada\u00e7\u00e3o do dinheiro vindo do tr\u00e1fico<\/strong>, al\u00e9m de fazer a compra e venda de ve\u00edculos para o grupo criminoso. A maioria dos investigados \u00e9\u00a0desempregado, mas\u00a0<a class=\"\" href=\"https:\/\/g1.globo.com\/mt\/mato-grosso\/noticia\/2024\/04\/06\/suspeitos-de-lavarem-mais-de-r-65-milhoes-em-dinheiro-eram-desempregados-e-tinham-carros-de-luxo-e-apartamentos-em-mt-diz-policia.ghtml\">tinham\u00a0carros de luxo, apartamentos em Cuiab\u00e1 e at\u00e9 uma casa no Lago do Manso<\/a>, em Chapada dos Guimar\u00e3es. Esses bens foram apreendidos durante a opera\u00e7\u00e3o.<\/p>\n\n\n\n<p>Segundo a pol\u00edcia, o suspeito teve o mandado de pris\u00e3o expedido pelo juiz Jorge Alexandre Martins Ferreira, do N\u00facleo de Inqu\u00e9ritos Policiais (Nipa) de Cuiab\u00e1, ainda em maio e, desde ent\u00e3o,<strong>&nbsp;estava foragido<\/strong>.<\/p>\n\n\n\n<p>A ordem de pris\u00e3o contra ele foi cumprida em uma ch\u00e1cara na estrada da Cachoeira Rica, em Chapada dos Guimar\u00e3es.<\/p>\n\n\n\n<h2 class=\"wp-block-heading\">Apito final<\/h2>\n\n\n\n<p>No dia 2 de maio, 20 pessoas foram presas em Chapada dos Guimar\u00e3es, S\u00e3o Jos\u00e9 dos Quatro Marcos e Macei\u00f3 (AL). \u00c0 \u00e9poca, a Pol\u00edcia Civil tamb\u00e9m cumpriu 29 mandados de busca e apreens\u00e3o, indisponibilidade de 33 im\u00f3veis, sequestro de 45 ve\u00edculos e bloqueio e 25 contas banc\u00e1rias.<\/p>\n\n\n\n<p>A investiga\u00e7\u00e3o teve in\u00edcio quando a pol\u00edcia descobriu que o respons\u00e1vel pelo tr\u00e1fico de drogas na regi\u00e3o do Jardim Florian\u00f3polis, ap\u00f3s sair da pris\u00e3o, assumiu o cargo de tesoureiro de uma fac\u00e7\u00e3o criminosa e adquiriu uma grande quantidade de propriedades e ve\u00edculos. Ele utilizava dinheiro que passava por contas banc\u00e1rias e, em seguida, era convertido em ativos legais para ocultar a origem ilegal desses recursos.<\/p>\n\n\n\n<p>Segundo a pol\u00edcia, foram identificadas compras de diversos terrenos, casas e apartamentos, muitos localizados em condom\u00ednios de classe m\u00e9dia na capital. Todos esses bens foram adquiridos em nome de &#8220;testas de ferro&#8221;, mas estavam diretamente ligados ao principal alvo da investiga\u00e7\u00e3o.<\/p>\n\n\n\n<h2 class=\"wp-block-heading\">Pris\u00f5es em Macei\u00f3<\/h2>\n\n\n\n<p>Quatro alvos da foram presos na em Macei\u00f3, no dia 29 de abril, entre eles, o chefe do grupo criminoso, enquanto participavam de um jogo de futebol.<\/p>\n\n\n\n<p>Um quinto alvo da opera\u00e7\u00e3o, advogado e integrante da organiza\u00e7\u00e3o criminosa, que foi a Alagoas para dar assist\u00eancia jur\u00eddica a seu cliente, tamb\u00e9m foi preso no dia da opera\u00e7\u00e3o, em Macei\u00f3.<\/p>\n\n\n\n<p>Nazarenonews\/g1-mt<\/p>\n","protected":false},"excerpt":{"rendered":"<p>Um alvo da&nbsp;Opera\u00e7\u00e3o Apito Final, deflagrada em maio deste ano, foi preso em&nbsp;Chapada dos Guimar\u00e3es, a 65 km de Cuiab\u00e1, nesta quinta-feira (4), por suspeita de envolvimento na&nbsp;lavagem de mais de R$ 65 milh\u00f5es. Segundo a Pol\u00edcia Civil, ele \u00e9&nbsp;considerado um dos &#8216;bra\u00e7os fortes&#8217; de um traficante do estado, que era o alvo principal da [&hellip;]<\/p>\n","protected":false},"author":2,"featured_media":1195,"comment_status":"closed","ping_status":"closed","sticky":false,"template":"","format":"standard","meta":{"_monsterinsights_skip_tracking":false,"_monsterinsights_sitenote_active":false,"_monsterinsights_sitenote_note":"","_monsterinsights_sitenote_category":0,"footnotes":""},"categories":[36,1],"tags":[],"_links":{"self":[{"href":"https:\/\/nazarenonews.com.br\/index.php\/wp-json\/wp\/v2\/posts\/1194"}],"collection":[{"href":"https:\/\/nazarenonews.com.br\/index.php\/wp-json\/wp\/v2\/posts"}],"about":[{"href":"https:\/\/nazarenonews.com.br\/index.php\/wp-json\/wp\/v2\/types\/post"}],"author":[{"embeddable":true,"href":"https:\/\/nazarenonews.com.br\/index.php\/wp-json\/wp\/v2\/users\/2"}],"replies":[{"embeddable":true,"href":"https:\/\/nazarenonews.com.br\/index.php\/wp-json\/wp\/v2\/comments?post=1194"}],"version-history":[{"count":1,"href":"https:\/\/nazarenonews.com.br\/index.php\/wp-json\/wp\/v2\/posts\/1194\/revisions"}],"predecessor-version":[{"id":1196,"href":"https:\/\/nazarenonews.com.br\/index.php\/wp-json\/wp\/v2\/posts\/1194\/revisions\/1196"}],"wp:featuredmedia":[{"embeddable":true,"href":"https:\/\/nazarenonews.com.br\/index.php\/wp-json\/wp\/v2\/media\/1195"}],"wp:attachment":[{"href":"https:\/\/nazarenonews.com.br\/index.php\/wp-json\/wp\/v2\/media?parent=1194"}],"wp:term":[{"taxonomy":"category","embeddable":true,"href":"https:\/\/nazarenonews.com.br\/index.php\/wp-json\/wp\/v2\/categories?post=1194"},{"taxonomy":"post_tag","embeddable":true,"href":"https:\/\/nazarenonews.com.br\/index.php\/wp-json\/wp\/v2\/tags?post=1194"}],"curies":[{"name":"wp","href":"https:\/\/api.w.org\/{rel}","templated":true}]}}