{"id":1191,"date":"2024-07-04T07:31:12","date_gmt":"2024-07-04T11:31:12","guid":{"rendered":"https:\/\/nazarenonews.com.br\/?p=1191"},"modified":"2024-07-04T07:31:12","modified_gmt":"2024-07-04T11:31:12","slug":"passageira-de-moto-pilotada-pelo-filho-morre-em-acidente-com-carreta-e-carro","status":"publish","type":"post","link":"https:\/\/nazarenonews.com.br\/index.php\/2024\/07\/04\/passageira-de-moto-pilotada-pelo-filho-morre-em-acidente-com-carreta-e-carro\/","title":{"rendered":"Passageira de moto pilotada pelo filho morre em acidente com carreta e carro"},"content":{"rendered":"\n<p>Ana Cristina Sampaio, 46, morreu em acidente envolvendo uma carreta, um carro e uma motocicleta na manh\u00e3 de ter\u00e7a-feira (2), na BR-163, em Guarant\u00e3 do Norte (715 km ao norte de Cuiab\u00e1). V\u00edtima estava com o filho no momento da batida.<\/p>\n\n\n\n<p>Conforme o boletim de ocorr\u00eancia, a Pol\u00edcia Civil foi acionada por volta das 09h para realizar a libera\u00e7\u00e3o do corpo da v\u00edtima de morte acidental no Hospital Municipal.<\/p>\n\n\n\n<p>Testemunhas disseram que a v\u00edtima estava na garupa da moto conduzida pelo seu filho, quando chegavam a entrada da cidade. Neste momento, o condutor bateu na traseira de uma carreta que freou bruscamente ao ver outro acidente.<\/p>\n\n\n\n<p>Com o impacto, Ana e o filho ficaram feridos. Eles foram socorridos e encaminhados ao hospital da cidade, ela morreu horas depois, j\u00e1 o rapaz continua internado. Seu estado de sa\u00fade atual n\u00e3o foi divulgado.&nbsp;<\/p>\n\n\n\n<p>Outros envolvidos n\u00e3o ficaram feridos. Ocorr\u00eancia \u00e9 investigada pela Pol\u00edcia Civil.\u00a0<\/p>\n\n\n\n<p>Nazarenonews\/gazetadigital<\/p>\n","protected":false},"excerpt":{"rendered":"<p>Ana Cristina Sampaio, 46, morreu em acidente envolvendo uma carreta, um carro e uma motocicleta na manh\u00e3 de ter\u00e7a-feira (2), na BR-163, em Guarant\u00e3 do Norte (715 km ao norte de Cuiab\u00e1). V\u00edtima estava com o filho no momento da batida. Conforme o boletim de ocorr\u00eancia, a Pol\u00edcia Civil foi acionada por volta das 09h [&hellip;]<\/p>\n","protected":false},"author":2,"featured_media":1192,"comment_status":"closed","ping_status":"closed","sticky":false,"template":"","format":"standard","meta":{"_monsterinsights_skip_tracking":false,"_monsterinsights_sitenote_active":false,"_monsterinsights_sitenote_note":"","_monsterinsights_sitenote_category":0,"footnotes":""},"categories":[1],"tags":[],"_links":{"self":[{"href":"https:\/\/nazarenonews.com.br\/index.php\/wp-json\/wp\/v2\/posts\/1191"}],"collection":[{"href":"https:\/\/nazarenonews.com.br\/index.php\/wp-json\/wp\/v2\/posts"}],"about":[{"href":"https:\/\/nazarenonews.com.br\/index.php\/wp-json\/wp\/v2\/types\/post"}],"author":[{"embeddable":true,"href":"https:\/\/nazarenonews.com.br\/index.php\/wp-json\/wp\/v2\/users\/2"}],"replies":[{"embeddable":true,"href":"https:\/\/nazarenonews.com.br\/index.php\/wp-json\/wp\/v2\/comments?post=1191"}],"version-history":[{"count":1,"href":"https:\/\/nazarenonews.com.br\/index.php\/wp-json\/wp\/v2\/posts\/1191\/revisions"}],"predecessor-version":[{"id":1193,"href":"https:\/\/nazarenonews.com.br\/index.php\/wp-json\/wp\/v2\/posts\/1191\/revisions\/1193"}],"wp:featuredmedia":[{"embeddable":true,"href":"https:\/\/nazarenonews.com.br\/index.php\/wp-json\/wp\/v2\/media\/1192"}],"wp:attachment":[{"href":"https:\/\/nazarenonews.com.br\/index.php\/wp-json\/wp\/v2\/media?parent=1191"}],"wp:term":[{"taxonomy":"category","embeddable":true,"href":"https:\/\/nazarenonews.com.br\/index.php\/wp-json\/wp\/v2\/categories?post=1191"},{"taxonomy":"post_tag","embeddable":true,"href":"https:\/\/nazarenonews.com.br\/index.php\/wp-json\/wp\/v2\/tags?post=1191"}],"curies":[{"name":"wp","href":"https:\/\/api.w.org\/{rel}","templated":true}]}}