{"id":1188,"date":"2024-07-04T07:17:27","date_gmt":"2024-07-04T11:17:27","guid":{"rendered":"https:\/\/nazarenonews.com.br\/?p=1188"},"modified":"2024-07-04T07:17:27","modified_gmt":"2024-07-04T11:17:27","slug":"mauro-assina-contrato-de-venda-dos-vagoes-do-vlt-para-o-governo-da-bahia-mt-deve-receber-quase-r-1-bilhao","status":"publish","type":"post","link":"https:\/\/nazarenonews.com.br\/index.php\/2024\/07\/04\/mauro-assina-contrato-de-venda-dos-vagoes-do-vlt-para-o-governo-da-bahia-mt-deve-receber-quase-r-1-bilhao\/","title":{"rendered":"Mauro assina contrato de venda dos vag\u00f5es do VLT para o Governo da Bahia; MT deve receber quase R$ 1 bilh\u00e3o"},"content":{"rendered":"\n<p>O governador Mauro Mendes (Uni\u00e3o) assinou, nesta quarta-feira (03), o contrato de venda dos vag\u00f5es do Ve\u00edculo Leve sobre Trilho (VLT) para a Bahia. A assinatura aconteceu durante uma reuni\u00e3o no Tribunal de Contas da Uni\u00e3o, em Bras\u00edlia.<\/p>\n\n\n\n<p>Al\u00e9m de Mauro, participaram da reuni\u00e3o o governador da Bahia Jer\u00f4nimo Rodrigues (PT) e o presidente do TCU, Bruno Dantas.<\/p>\n\n\n\n<p>&#8220;<strong>A Bahia tinha a obra, mas n\u00e3o tinha os trens. O Estado de Mato Grosso tinha os trens, mas n\u00e3o tinha a obra. A solu\u00e7\u00e3o encontrada mediada com a participa\u00e7\u00e3o do TCU foi a aquisi\u00e7\u00e3o pela Bahia de 40 composi\u00e7\u00f5es de trens, totalizando 280 carros que passar\u00e3o pelo processo de restabelecimento t\u00e9cnico para retomarem sua capacidade operacional&#8221;<\/strong>, disse Bruno, pontuando que chega ao fim um conflito que dura mais de uma d\u00e9cada.<\/p>\n\n\n\n<p>O governo baiano ir\u00e1 dar R$ 793,7 milh\u00f5es pelos vag\u00f5es, que ser\u00e3o pagos em quatro parcelas anuais, sendo que a primeira ser\u00e1 paga at\u00e9 31 de dezembro deste ano e as demais na mesma data de cada ano at\u00e9 2027.<\/p>\n\n\n\n<p>Todas as parcelas ser\u00e3o corrigidas pelo IPCA-E, a partir da data da assinatura do acordo e o valor recebido pelo Estado deve chegar na ordem de R$ 1 bilh\u00e3o.<\/p>\n\n\n\n<p>\u201c<em><strong>Para ser eficiente temos que ter coragem, para ser eficiente temos que ser inovadores, n\u00e3o podemos estar presos \u00e0s amarras, \u00e0s velhas burocracias t\u00e3o presentes no Brasil<\/strong><\/em>\u201d, ressaltou Mauro.<\/p>\n\n\n\n<p>A Bahia deu em garantia do pagamento das referidas parcelas ao estado de Mato Grosso o fluxo financeiro decorrente da sua cota no Fundo de Participa\u00e7\u00e3o dos Estados (FPE).<\/p>\n\n\n\n<p><strong>Leia mais:&nbsp;<a href=\"https:\/\/www.reportermt.com\/poderes\/mauro-vai-a-brasilia-assinar-contrato-de-venda-dos-vagoes-do-vlt-para-o-governo-da-bahia\/208819\" target=\"_blank\" rel=\"noreferrer noopener\">Mauro vai a Bras\u00edlia assinar contrato de venda dos vag\u00f5es do VLT para o Governo da Bahia<\/a><\/strong><\/p>\n\n\n\n<p>Vale ressaltar que o valor total \u00e9 superior ao que foi pago pelo estado de Mato Grosso pelos trens, devidamente corrigidos pelo IPCA.<\/p>\n\n\n\n<p>O dinheiro que entrar\u00e1 no caixa do Governo \u00e9 suficiente para custear todas as obras do Sistema BRT, no valor de R$ 468 milh\u00f5es, e ainda sobram R$ 325 milh\u00f5es para comprar os \u00f4nibus e realizar outros investimentos.<\/p>\n\n\n\n<p><strong>Log\u00edstica<\/strong><\/p>\n\n\n\n<p>Em cinco meses, os vag\u00f5es come\u00e7ar\u00e3o a ser transportados pela Bahia at\u00e9 a sede da f\u00e1brica da CAF, localizada na cidade de Hortol\u00e2ndia\/SP, onde se submeter\u00e3o a um processo de restabelecimento t\u00e9cnico para retomarem a sua capacidade operacional.<\/p>\n\n\n\n<p>Nazarenonews\/reportermt<\/p>\n","protected":false},"excerpt":{"rendered":"<p>O governador Mauro Mendes (Uni\u00e3o) assinou, nesta quarta-feira (03), o contrato de venda dos vag\u00f5es do Ve\u00edculo Leve sobre Trilho (VLT) para a Bahia. A assinatura aconteceu durante uma reuni\u00e3o no Tribunal de Contas da Uni\u00e3o, em Bras\u00edlia. Al\u00e9m de Mauro, participaram da reuni\u00e3o o governador da Bahia Jer\u00f4nimo Rodrigues (PT) e o presidente do [&hellip;]<\/p>\n","protected":false},"author":2,"featured_media":1189,"comment_status":"closed","ping_status":"closed","sticky":false,"template":"","format":"standard","meta":{"_monsterinsights_skip_tracking":false,"_monsterinsights_sitenote_active":false,"_monsterinsights_sitenote_note":"","_monsterinsights_sitenote_category":0,"footnotes":""},"categories":[36,1],"tags":[],"_links":{"self":[{"href":"https:\/\/nazarenonews.com.br\/index.php\/wp-json\/wp\/v2\/posts\/1188"}],"collection":[{"href":"https:\/\/nazarenonews.com.br\/index.php\/wp-json\/wp\/v2\/posts"}],"about":[{"href":"https:\/\/nazarenonews.com.br\/index.php\/wp-json\/wp\/v2\/types\/post"}],"author":[{"embeddable":true,"href":"https:\/\/nazarenonews.com.br\/index.php\/wp-json\/wp\/v2\/users\/2"}],"replies":[{"embeddable":true,"href":"https:\/\/nazarenonews.com.br\/index.php\/wp-json\/wp\/v2\/comments?post=1188"}],"version-history":[{"count":1,"href":"https:\/\/nazarenonews.com.br\/index.php\/wp-json\/wp\/v2\/posts\/1188\/revisions"}],"predecessor-version":[{"id":1190,"href":"https:\/\/nazarenonews.com.br\/index.php\/wp-json\/wp\/v2\/posts\/1188\/revisions\/1190"}],"wp:featuredmedia":[{"embeddable":true,"href":"https:\/\/nazarenonews.com.br\/index.php\/wp-json\/wp\/v2\/media\/1189"}],"wp:attachment":[{"href":"https:\/\/nazarenonews.com.br\/index.php\/wp-json\/wp\/v2\/media?parent=1188"}],"wp:term":[{"taxonomy":"category","embeddable":true,"href":"https:\/\/nazarenonews.com.br\/index.php\/wp-json\/wp\/v2\/categories?post=1188"},{"taxonomy":"post_tag","embeddable":true,"href":"https:\/\/nazarenonews.com.br\/index.php\/wp-json\/wp\/v2\/tags?post=1188"}],"curies":[{"name":"wp","href":"https:\/\/api.w.org\/{rel}","templated":true}]}}