{"id":1185,"date":"2024-07-04T07:14:36","date_gmt":"2024-07-04T11:14:36","guid":{"rendered":"https:\/\/nazarenonews.com.br\/?p=1185"},"modified":"2024-07-04T07:14:37","modified_gmt":"2024-07-04T11:14:37","slug":"discussao-entre-deputados-na-almt-acaba-em-empurrao","status":"publish","type":"post","link":"https:\/\/nazarenonews.com.br\/index.php\/2024\/07\/04\/discussao-entre-deputados-na-almt-acaba-em-empurrao\/","title":{"rendered":"Discuss\u00e3o entre deputados na ALMT acaba em empurr\u00e3o"},"content":{"rendered":"\n<p>Uma sess\u00e3o da Assembleia Legislativa de Mato Grosso (ALMT), realizada nesta quarta-feira (3),&nbsp;<strong>foi marcada por um desentendimento que terminou com um empurr\u00e3o<\/strong>, entre os deputados Eduardo Botelho (Uni\u00e3o) e L\u00fadio Cabral (PT).&nbsp;Os dois parlamentares s\u00e3o pr\u00e9-candidatos a prefeito de Cuiab\u00e1.<\/p>\n\n\n\n<p>Nas imagens de transmiss\u00e3o da sess\u00e3o, \u00e9 poss\u00edvel observar que L\u00fadio se aproxima de Botelho. Em seguida, o presidente da assembleia gesticula. O microfone \u00e9 cortado, Botelho se levanta e empurra o deputado L\u00fadio, que \u00e9 afastado por outros servidores que est\u00e3o no local.<\/p>\n\n\n\n<p><strong>A discuss\u00e3o teria come\u00e7ado durante a vota\u00e7\u00e3o do projeto de lei apresentado por L\u00fadio, que visa definir o pre\u00e7o da passagem do \u00d4nibus de Tr\u00e2nsito R\u00e1pido (BRT) em R$1<\/strong>.<\/p>\n\n\n\n<p>Segundo L\u00fadio, o presidente teria ficado nervoso ap\u00f3s a apresenta\u00e7\u00e3o do projeto, que determina a obrigatoriedade da tarifa do BRT de no m\u00e1ximo de R$1, durante, no m\u00ednimo, cinco anos.<\/p>\n\n\n\n<p>J\u00e1 Botelho informou que o projeto deveria ser levado at\u00e9 a comiss\u00e3o para discutir a viabilidade dele, antes antes de ser apresentado. Para ele, forma como o L\u00fadio o abordou foi o que ocasionou a briga.<\/p>\n\n\n\n<p>O Ve\u00edculo Leve sob Trilhos (VLT) foi projetado para a Copa do Mundo de 2014 no Brasil e foi marcado pela corrup\u00e7\u00e3o e entraves judiciais. A obra paralisada possui 22 quil\u00f4metros de extens\u00e3o entre Cuiab\u00e1 e&nbsp;<a class=\"\" href=\"https:\/\/g1.globo.com\/mt\/mato-grosso\/cidade\/varzea-grande-mt\/\">V\u00e1rzea Grande<\/a>.<\/p>\n\n\n\n<p>Em dezembro de 2014, as obras foram interrompidas. Em 2018, o governo do estado rompeu o contrato com o cons\u00f3rcio VLT e, depois, decidiu substituir o modal pelo BRT. J\u00e1 em dezembro do ano passado, o governo come\u00e7ou a retirar as estruturas que serviriam de suporte para o VLT em V\u00e1rzea Grande.<\/p>\n\n\n\n<p>Em junho deste ano,&nbsp;<strong>as negocia\u00e7\u00f5es para a venda dos vag\u00f5es de Mato Grosso para o estado da Bahia chegaram ao<\/strong>&nbsp;fim e os<strong>&nbsp;<\/strong><a class=\"\" href=\"https:\/\/g1.globo.com\/mt\/mato-grosso\/noticia\/2024\/06\/19\/governo-da-ba-concretiza-compra-de-vagoes-do-vlt-de-mt-por-r-793-milhoes.ghtml\"><strong>transportes foram vendidos por R$ 793,7 milh\u00f5es<\/strong><\/a>, que ser\u00e3o pagos pela Bahia em quatro parcelas anuais.<\/p>\n\n\n\n<p><strong>De acordo com o governo de MT, esse valor \u00e9 suficiente para terminar as obras do \u00d4nibus de Tr\u00e2nsito R\u00e1pido (BRT) e comprar os ve\u00edculos.<\/strong><\/p>\n\n\n\n<p>Nazarenonews\/g1-mt<\/p>\n","protected":false},"excerpt":{"rendered":"<p>Uma sess\u00e3o da Assembleia Legislativa de Mato Grosso (ALMT), realizada nesta quarta-feira (3),&nbsp;foi marcada por um desentendimento que terminou com um empurr\u00e3o, entre os deputados Eduardo Botelho (Uni\u00e3o) e L\u00fadio Cabral (PT).&nbsp;Os dois parlamentares s\u00e3o pr\u00e9-candidatos a prefeito de Cuiab\u00e1. Nas imagens de transmiss\u00e3o da sess\u00e3o, \u00e9 poss\u00edvel observar que L\u00fadio se aproxima de Botelho. [&hellip;]<\/p>\n","protected":false},"author":2,"featured_media":1186,"comment_status":"closed","ping_status":"closed","sticky":false,"template":"","format":"standard","meta":{"_monsterinsights_skip_tracking":false,"_monsterinsights_sitenote_active":false,"_monsterinsights_sitenote_note":"","_monsterinsights_sitenote_category":0,"footnotes":""},"categories":[1,48],"tags":[],"_links":{"self":[{"href":"https:\/\/nazarenonews.com.br\/index.php\/wp-json\/wp\/v2\/posts\/1185"}],"collection":[{"href":"https:\/\/nazarenonews.com.br\/index.php\/wp-json\/wp\/v2\/posts"}],"about":[{"href":"https:\/\/nazarenonews.com.br\/index.php\/wp-json\/wp\/v2\/types\/post"}],"author":[{"embeddable":true,"href":"https:\/\/nazarenonews.com.br\/index.php\/wp-json\/wp\/v2\/users\/2"}],"replies":[{"embeddable":true,"href":"https:\/\/nazarenonews.com.br\/index.php\/wp-json\/wp\/v2\/comments?post=1185"}],"version-history":[{"count":1,"href":"https:\/\/nazarenonews.com.br\/index.php\/wp-json\/wp\/v2\/posts\/1185\/revisions"}],"predecessor-version":[{"id":1187,"href":"https:\/\/nazarenonews.com.br\/index.php\/wp-json\/wp\/v2\/posts\/1185\/revisions\/1187"}],"wp:featuredmedia":[{"embeddable":true,"href":"https:\/\/nazarenonews.com.br\/index.php\/wp-json\/wp\/v2\/media\/1186"}],"wp:attachment":[{"href":"https:\/\/nazarenonews.com.br\/index.php\/wp-json\/wp\/v2\/media?parent=1185"}],"wp:term":[{"taxonomy":"category","embeddable":true,"href":"https:\/\/nazarenonews.com.br\/index.php\/wp-json\/wp\/v2\/categories?post=1185"},{"taxonomy":"post_tag","embeddable":true,"href":"https:\/\/nazarenonews.com.br\/index.php\/wp-json\/wp\/v2\/tags?post=1185"}],"curies":[{"name":"wp","href":"https:\/\/api.w.org\/{rel}","templated":true}]}}