{"id":1177,"date":"2024-07-03T16:16:34","date_gmt":"2024-07-03T20:16:34","guid":{"rendered":"https:\/\/nazarenonews.com.br\/?p=1177"},"modified":"2024-07-03T16:16:34","modified_gmt":"2024-07-03T20:16:34","slug":"trabalhadores-retomam-coleta-de-lixo-em-cuiaba-e-varzea-grande","status":"publish","type":"post","link":"https:\/\/nazarenonews.com.br\/index.php\/2024\/07\/03\/trabalhadores-retomam-coleta-de-lixo-em-cuiaba-e-varzea-grande\/","title":{"rendered":"Trabalhadores retomam coleta de lixo em Cuiab\u00e1 e V\u00e1rzea Grande"},"content":{"rendered":"\n<p>Os trabalhadores da coleta de lixo retomaram os servi\u00e7os em Cuiab\u00e1 e&nbsp;<a class=\"\" href=\"https:\/\/g1.globo.com\/mt\/mato-grosso\/cidade\/varzea-grande-mt\/\">V\u00e1rzea Grande<\/a>, regi\u00e3o metropolitana da capital, nesta quarta-feira (3).&nbsp;<a class=\"\" href=\"https:\/\/g1.globo.com\/mt\/mato-grosso\/noticia\/2024\/07\/02\/garis-paralisam-coleta-de-lixo-e-cobram-melhores-condicoes-de-trabalho-em-cuiaba-e-varzea-grande.ghtml\">Eles haviam come\u00e7ado a greve na ter\u00e7a-feira (2), devido \u00e0 falta de melhores condi\u00e7\u00f5es de trabalho.<\/a><\/p>\n\n\n\n<p>Segundo o procurador do Sindicato dos Trabalhadores na Limpeza Urbana (Sindilimp-MT), Adauto Muniz, o retorno \u00e9 de forma tempor\u00e1ria, pois ainda haver\u00e1 audi\u00eancia pedindo pelas melhorias dos coletores na quinta-feira (4).<\/p>\n\n\n\n<p><strong>&#8220;Na quinta-feira teremos uma audi\u00eancia na Justi\u00e7a do Trabalho, vamos ver que se sai dessa audi\u00eancia. Na sexta-feira teremos uma assembleia geral com os trabalhadores da empresa Locar de Cuiab\u00e1 e V\u00e1rzea grande, e nessa assembleia vai ser definido se volta ou n\u00e3o a paralisa\u00e7\u00e3o&#8221;, informou.<\/strong><\/p>\n\n\n\n<p>Os coletores s\u00e3o contratados pela Locar Saneamento Ambiental. Ainda na ter\u00e7a, a empresa informou que havia fechado um acordo com a media\u00e7\u00e3o do Minist\u00e9rio P\u00fablico do Trabalho de Mato Grosso, de reajuste salarial de 7,70%, e renda mensal de R$ 3.240,00 para os trabalhadores.<\/p>\n\n\n\n<p>No domingo (30), a greve dos trabalhadores da coleta de lixo foi considerada ilegal por decis\u00e3o liminar do juiz Tarc\u00edsio Regis Valente, do Tribunal Regional do Trabalho da 23\u00aa Regi\u00e3o. Caso a greve n\u00e3o seja encerrada, uma multa di\u00e1ria de R$ 100 mil ser\u00e1 aplicada, al\u00e9m do desconto no sal\u00e1rio dos empregados que participarem da paralisa\u00e7\u00e3o.<\/p>\n\n\n\n<p><strong>Veja o que a categoria reivindica:<\/strong><\/p>\n\n\n\n<ul>\n<li>Aumento do piso salarial de R$ 1.423,00 para R$ 1.750,00<\/li>\n\n\n\n<li>Pagamento do FGTS;<\/li>\n\n\n\n<li>Melhoria da frota;<\/li>\n\n\n\n<li>Pagamento do benef\u00edcio vale alimenta\u00e7\u00e3o;<\/li>\n\n\n\n<li>Fornecimento imediato de uniformes;<\/li>\n\n\n\n<li>Mudan\u00e7a na carga hor\u00e1ria.<\/li>\n<\/ul>\n\n\n\n<p>Nazarenews\/g1-mt<\/p>\n","protected":false},"excerpt":{"rendered":"<p>Os trabalhadores da coleta de lixo retomaram os servi\u00e7os em Cuiab\u00e1 e&nbsp;V\u00e1rzea Grande, regi\u00e3o metropolitana da capital, nesta quarta-feira (3).&nbsp;Eles haviam come\u00e7ado a greve na ter\u00e7a-feira (2), devido \u00e0 falta de melhores condi\u00e7\u00f5es de trabalho. Segundo o procurador do Sindicato dos Trabalhadores na Limpeza Urbana (Sindilimp-MT), Adauto Muniz, o retorno \u00e9 de forma tempor\u00e1ria, pois [&hellip;]<\/p>\n","protected":false},"author":2,"featured_media":1178,"comment_status":"closed","ping_status":"closed","sticky":false,"template":"","format":"standard","meta":{"_monsterinsights_skip_tracking":false,"_monsterinsights_sitenote_active":false,"_monsterinsights_sitenote_note":"","_monsterinsights_sitenote_category":0,"footnotes":""},"categories":[51,1],"tags":[],"_links":{"self":[{"href":"https:\/\/nazarenonews.com.br\/index.php\/wp-json\/wp\/v2\/posts\/1177"}],"collection":[{"href":"https:\/\/nazarenonews.com.br\/index.php\/wp-json\/wp\/v2\/posts"}],"about":[{"href":"https:\/\/nazarenonews.com.br\/index.php\/wp-json\/wp\/v2\/types\/post"}],"author":[{"embeddable":true,"href":"https:\/\/nazarenonews.com.br\/index.php\/wp-json\/wp\/v2\/users\/2"}],"replies":[{"embeddable":true,"href":"https:\/\/nazarenonews.com.br\/index.php\/wp-json\/wp\/v2\/comments?post=1177"}],"version-history":[{"count":1,"href":"https:\/\/nazarenonews.com.br\/index.php\/wp-json\/wp\/v2\/posts\/1177\/revisions"}],"predecessor-version":[{"id":1179,"href":"https:\/\/nazarenonews.com.br\/index.php\/wp-json\/wp\/v2\/posts\/1177\/revisions\/1179"}],"wp:featuredmedia":[{"embeddable":true,"href":"https:\/\/nazarenonews.com.br\/index.php\/wp-json\/wp\/v2\/media\/1178"}],"wp:attachment":[{"href":"https:\/\/nazarenonews.com.br\/index.php\/wp-json\/wp\/v2\/media?parent=1177"}],"wp:term":[{"taxonomy":"category","embeddable":true,"href":"https:\/\/nazarenonews.com.br\/index.php\/wp-json\/wp\/v2\/categories?post=1177"},{"taxonomy":"post_tag","embeddable":true,"href":"https:\/\/nazarenonews.com.br\/index.php\/wp-json\/wp\/v2\/tags?post=1177"}],"curies":[{"name":"wp","href":"https:\/\/api.w.org\/{rel}","templated":true}]}}