{"id":1171,"date":"2024-07-03T08:48:13","date_gmt":"2024-07-03T12:48:13","guid":{"rendered":"https:\/\/nazarenonews.com.br\/?p=1171"},"modified":"2024-07-03T08:48:13","modified_gmt":"2024-07-03T12:48:13","slug":"funcionario-morre-queimado-durante-manutencao-de-forno-em-mt","status":"publish","type":"post","link":"https:\/\/nazarenonews.com.br\/index.php\/2024\/07\/03\/funcionario-morre-queimado-durante-manutencao-de-forno-em-mt\/","title":{"rendered":"Funcion\u00e1rio morre queimado durante manuten\u00e7\u00e3o de forno em MT"},"content":{"rendered":"\n<p>O funcion\u00e1rio de uma empresa de cer\u00e2mica morreu carbonizado enquanto trabalhava na manuten\u00e7\u00e3o de um forno em&nbsp;<a class=\"\" href=\"https:\/\/g1.globo.com\/mt\/mato-grosso\/cidade\/sinop\/\">Sinop<\/a>, a 503 km de Cuiab\u00e1, nessa ter\u00e7a-feira (2). A v\u00edtima foi identificada como Silandro Moreira Ferreira, de 37 anos.<\/p>\n\n\n\n<p>Segundo a Pol\u00edcia Civil, o acidente ocorreu por volta das 10h e a v\u00edtima morava em V\u00e1rzea Grande, regi\u00e3o metropolitana de Cuiab\u00e1. Uma testemunha contou \u00e0 pol\u00edcia que fazia a manuten\u00e7\u00e3o sob o forno, quando caiu dentro da fornalha e em seguida,&nbsp;parte da estrutura caiu em cima da v\u00edtima.<\/p>\n\n\n\n<p>As chamas chamaram aten\u00e7\u00e3o dos funcion\u00e1rios, que tentaram socorrer a v\u00edtima, mas sem sucesso. O Corpo de Bombeiros esteve no local e realizou o resfriamento da \u00e1rea atingida pelo fogo.<\/p>\n\n\n\n<p>De acordo com o perito Marcos Waechter, a estrutura que a v\u00edtima caminhava era feita de tijolos, o que facilitou a queda.<\/p>\n\n\n\n<p><strong>\u201cA v\u00edtima provavelmente caminhava por cima da estrutura, que era feita de tijolos e cedeu e ele acabou caindo no fogo. Parecia que o local estava em manuten\u00e7\u00e3o\u201d, explica.<\/strong><\/p>\n\n\n\n<p>A Pol\u00edcia Civil investiga o acidente.<\/p>\n\n\n\n<p>Nazarenonews\/g1-mt<\/p>\n","protected":false},"excerpt":{"rendered":"<p>O funcion\u00e1rio de uma empresa de cer\u00e2mica morreu carbonizado enquanto trabalhava na manuten\u00e7\u00e3o de um forno em&nbsp;Sinop, a 503 km de Cuiab\u00e1, nessa ter\u00e7a-feira (2). A v\u00edtima foi identificada como Silandro Moreira Ferreira, de 37 anos. Segundo a Pol\u00edcia Civil, o acidente ocorreu por volta das 10h e a v\u00edtima morava em V\u00e1rzea Grande, regi\u00e3o [&hellip;]<\/p>\n","protected":false},"author":2,"featured_media":1172,"comment_status":"closed","ping_status":"closed","sticky":false,"template":"","format":"standard","meta":{"_monsterinsights_skip_tracking":false,"_monsterinsights_sitenote_active":false,"_monsterinsights_sitenote_note":"","_monsterinsights_sitenote_category":0,"footnotes":""},"categories":[1],"tags":[],"_links":{"self":[{"href":"https:\/\/nazarenonews.com.br\/index.php\/wp-json\/wp\/v2\/posts\/1171"}],"collection":[{"href":"https:\/\/nazarenonews.com.br\/index.php\/wp-json\/wp\/v2\/posts"}],"about":[{"href":"https:\/\/nazarenonews.com.br\/index.php\/wp-json\/wp\/v2\/types\/post"}],"author":[{"embeddable":true,"href":"https:\/\/nazarenonews.com.br\/index.php\/wp-json\/wp\/v2\/users\/2"}],"replies":[{"embeddable":true,"href":"https:\/\/nazarenonews.com.br\/index.php\/wp-json\/wp\/v2\/comments?post=1171"}],"version-history":[{"count":1,"href":"https:\/\/nazarenonews.com.br\/index.php\/wp-json\/wp\/v2\/posts\/1171\/revisions"}],"predecessor-version":[{"id":1173,"href":"https:\/\/nazarenonews.com.br\/index.php\/wp-json\/wp\/v2\/posts\/1171\/revisions\/1173"}],"wp:featuredmedia":[{"embeddable":true,"href":"https:\/\/nazarenonews.com.br\/index.php\/wp-json\/wp\/v2\/media\/1172"}],"wp:attachment":[{"href":"https:\/\/nazarenonews.com.br\/index.php\/wp-json\/wp\/v2\/media?parent=1171"}],"wp:term":[{"taxonomy":"category","embeddable":true,"href":"https:\/\/nazarenonews.com.br\/index.php\/wp-json\/wp\/v2\/categories?post=1171"},{"taxonomy":"post_tag","embeddable":true,"href":"https:\/\/nazarenonews.com.br\/index.php\/wp-json\/wp\/v2\/tags?post=1171"}],"curies":[{"name":"wp","href":"https:\/\/api.w.org\/{rel}","templated":true}]}}