{"id":1162,"date":"2024-07-02T16:06:48","date_gmt":"2024-07-02T20:06:48","guid":{"rendered":"https:\/\/nazarenonews.com.br\/?p=1162"},"modified":"2024-07-02T16:06:49","modified_gmt":"2024-07-02T20:06:49","slug":"vereadores-de-cuiaba-votam-projeto-que-libera-pagamento-da-tarifa-de-onibus-por-pix","status":"publish","type":"post","link":"https:\/\/nazarenonews.com.br\/index.php\/2024\/07\/02\/vereadores-de-cuiaba-votam-projeto-que-libera-pagamento-da-tarifa-de-onibus-por-pix\/","title":{"rendered":"Vereadores de Cuiab\u00e1 votam projeto que libera pagamento da tarifa de \u00f4nibus por PIX"},"content":{"rendered":"\n<p>Os vereadores da C\u00e2mara de Cuiab\u00e1 votam na sess\u00e3o ordin\u00e1ria desta ter\u00e7a-feira (02.07) um projeto de lei, que possibilita o recebimento do pagamento da tarifa de \u00f4nibus por meio de PIX. A proposta segue para an\u00e1lise do Plen\u00e1rio da Casa de Leis com parecer da Comiss\u00e3o de Constitui\u00e7\u00e3o, Justi\u00e7a e Reda\u00e7\u00e3o (CCJR) pela rejei\u00e7\u00e3o.<\/p>\n\n\n\n<p>O vereador K\u00e1ssio Coelho (Podemos), autor do projeto, argumenta que o Pix \u00e9 um meio f\u00e1cil de pagamento. \u201cO dinheiro digital, e n\u00e3o raras as vezes o p\u00fablico tem essa prefer\u00eancia de uso. O objetivo \u00e9 atualizar o sistema de transporte coletivo do munic\u00edpio de Cuiab\u00e1, possibilitando o recebimento na catraca por parte do usu\u00e1rio\u201d, argumentou o vereador.<\/p>\n\n\n\n<p>Ao recusar a proposta, a CCJR enfatiza que o sistema de transporte coletivo em Cuiab\u00e1 \u00e9 efetivado por meio de contratos de concess\u00e3o, regulados pela Ag\u00eancia Municipal de Regula\u00e7\u00e3o de Servi\u00e7os P\u00fablicos Delegados de Cuiab\u00e1-MT \u2013 ARSEC.<\/p>\n\n\n\n<p>O parecer tamb\u00e9m aponta que a Lei n\u00ba 5.541\/2012 que estabelece o pagamento da tarifa nos \u00f4nibus convencionais e alimentadores do transporte coletivo urbano de Cuiab\u00e1 dever\u00e1 ser efetuado, exclusivamente, com cart\u00e3o eletr\u00f4nico.<\/p>\n\n\n\n<p>Nazarenonews\/Vgnot\u00edcias<\/p>\n","protected":false},"excerpt":{"rendered":"<p>Os vereadores da C\u00e2mara de Cuiab\u00e1 votam na sess\u00e3o ordin\u00e1ria desta ter\u00e7a-feira (02.07) um projeto de lei, que possibilita o recebimento do pagamento da tarifa de \u00f4nibus por meio de PIX. A proposta segue para an\u00e1lise do Plen\u00e1rio da Casa de Leis com parecer da Comiss\u00e3o de Constitui\u00e7\u00e3o, Justi\u00e7a e Reda\u00e7\u00e3o (CCJR) pela rejei\u00e7\u00e3o. O [&hellip;]<\/p>\n","protected":false},"author":2,"featured_media":1163,"comment_status":"closed","ping_status":"closed","sticky":false,"template":"","format":"standard","meta":{"_monsterinsights_skip_tracking":false,"_monsterinsights_sitenote_active":false,"_monsterinsights_sitenote_note":"","_monsterinsights_sitenote_category":0,"footnotes":""},"categories":[36,1],"tags":[],"_links":{"self":[{"href":"https:\/\/nazarenonews.com.br\/index.php\/wp-json\/wp\/v2\/posts\/1162"}],"collection":[{"href":"https:\/\/nazarenonews.com.br\/index.php\/wp-json\/wp\/v2\/posts"}],"about":[{"href":"https:\/\/nazarenonews.com.br\/index.php\/wp-json\/wp\/v2\/types\/post"}],"author":[{"embeddable":true,"href":"https:\/\/nazarenonews.com.br\/index.php\/wp-json\/wp\/v2\/users\/2"}],"replies":[{"embeddable":true,"href":"https:\/\/nazarenonews.com.br\/index.php\/wp-json\/wp\/v2\/comments?post=1162"}],"version-history":[{"count":1,"href":"https:\/\/nazarenonews.com.br\/index.php\/wp-json\/wp\/v2\/posts\/1162\/revisions"}],"predecessor-version":[{"id":1164,"href":"https:\/\/nazarenonews.com.br\/index.php\/wp-json\/wp\/v2\/posts\/1162\/revisions\/1164"}],"wp:featuredmedia":[{"embeddable":true,"href":"https:\/\/nazarenonews.com.br\/index.php\/wp-json\/wp\/v2\/media\/1163"}],"wp:attachment":[{"href":"https:\/\/nazarenonews.com.br\/index.php\/wp-json\/wp\/v2\/media?parent=1162"}],"wp:term":[{"taxonomy":"category","embeddable":true,"href":"https:\/\/nazarenonews.com.br\/index.php\/wp-json\/wp\/v2\/categories?post=1162"},{"taxonomy":"post_tag","embeddable":true,"href":"https:\/\/nazarenonews.com.br\/index.php\/wp-json\/wp\/v2\/tags?post=1162"}],"curies":[{"name":"wp","href":"https:\/\/api.w.org\/{rel}","templated":true}]}}