{"id":1154,"date":"2024-07-02T15:56:38","date_gmt":"2024-07-02T19:56:38","guid":{"rendered":"https:\/\/nazarenonews.com.br\/?p=1154"},"modified":"2024-07-02T15:56:39","modified_gmt":"2024-07-02T19:56:39","slug":"junho-bate-recorde-de-incendios-no-pantanal","status":"publish","type":"post","link":"https:\/\/nazarenonews.com.br\/index.php\/2024\/07\/02\/junho-bate-recorde-de-incendios-no-pantanal\/","title":{"rendered":"Junho bate recorde de inc\u00eandios no Pantanal"},"content":{"rendered":"\n<p>O Instituto Nacional de Pesquisas Espaciais (Inpe) divulgou que junho foi o m\u00eas que concentrou o maior n\u00famero de focos de inc\u00eandio no Pantanal, desde 1998. Dados registraram 2.639 focos de queimada na regi\u00e3o. No ano, os pontos de fogo j\u00e1 somam 3.538, com mais de 700 mil hectares consumidos.<\/p>\n\n\n\n<p>At\u00e9 este ano, o pior junho havia sido registrado em 2005, com 435 focos de inc\u00eandio, um aumento de 506%. Segundo a ministra do Meio Ambiente e de Mudan\u00e7as Clim\u00e1ticas, Marina Silva, o governo identificou 18 focos de inc\u00eandios possivelmente criminosos que seguem sob a investiga\u00e7\u00e3o da Pol\u00edcia Federal (PF)<\/p>\n\n\n\n<p><em>Com informa\u00e7\u00f5es: Revista Oeste (02.07.24)<\/em><\/p>\n","protected":false},"excerpt":{"rendered":"<p>O Instituto Nacional de Pesquisas Espaciais (Inpe) divulgou que junho foi o m\u00eas que concentrou o maior n\u00famero de focos de inc\u00eandio no Pantanal, desde 1998. Dados registraram 2.639 focos de queimada na regi\u00e3o. No ano, os pontos de fogo j\u00e1 somam 3.538, com mais de 700 mil hectares consumidos. At\u00e9 este ano, o pior [&hellip;]<\/p>\n","protected":false},"author":2,"featured_media":1155,"comment_status":"closed","ping_status":"closed","sticky":false,"template":"","format":"standard","meta":{"_monsterinsights_skip_tracking":false,"_monsterinsights_sitenote_active":false,"_monsterinsights_sitenote_note":"","_monsterinsights_sitenote_category":0,"footnotes":""},"categories":[37,1],"tags":[],"_links":{"self":[{"href":"https:\/\/nazarenonews.com.br\/index.php\/wp-json\/wp\/v2\/posts\/1154"}],"collection":[{"href":"https:\/\/nazarenonews.com.br\/index.php\/wp-json\/wp\/v2\/posts"}],"about":[{"href":"https:\/\/nazarenonews.com.br\/index.php\/wp-json\/wp\/v2\/types\/post"}],"author":[{"embeddable":true,"href":"https:\/\/nazarenonews.com.br\/index.php\/wp-json\/wp\/v2\/users\/2"}],"replies":[{"embeddable":true,"href":"https:\/\/nazarenonews.com.br\/index.php\/wp-json\/wp\/v2\/comments?post=1154"}],"version-history":[{"count":1,"href":"https:\/\/nazarenonews.com.br\/index.php\/wp-json\/wp\/v2\/posts\/1154\/revisions"}],"predecessor-version":[{"id":1156,"href":"https:\/\/nazarenonews.com.br\/index.php\/wp-json\/wp\/v2\/posts\/1154\/revisions\/1156"}],"wp:featuredmedia":[{"embeddable":true,"href":"https:\/\/nazarenonews.com.br\/index.php\/wp-json\/wp\/v2\/media\/1155"}],"wp:attachment":[{"href":"https:\/\/nazarenonews.com.br\/index.php\/wp-json\/wp\/v2\/media?parent=1154"}],"wp:term":[{"taxonomy":"category","embeddable":true,"href":"https:\/\/nazarenonews.com.br\/index.php\/wp-json\/wp\/v2\/categories?post=1154"},{"taxonomy":"post_tag","embeddable":true,"href":"https:\/\/nazarenonews.com.br\/index.php\/wp-json\/wp\/v2\/tags?post=1154"}],"curies":[{"name":"wp","href":"https:\/\/api.w.org\/{rel}","templated":true}]}}