{"id":1151,"date":"2024-07-02T10:30:51","date_gmt":"2024-07-02T14:30:51","guid":{"rendered":"https:\/\/nazarenonews.com.br\/?p=1151"},"modified":"2024-07-02T10:30:51","modified_gmt":"2024-07-02T14:30:51","slug":"garis-paralisam-coleta-de-lixo-e-cobram-melhores-condicoes-de-trabalho-em-cuiaba-e-varzea-grande","status":"publish","type":"post","link":"https:\/\/nazarenonews.com.br\/index.php\/2024\/07\/02\/garis-paralisam-coleta-de-lixo-e-cobram-melhores-condicoes-de-trabalho-em-cuiaba-e-varzea-grande\/","title":{"rendered":"Garis paralisam coleta de lixo e cobram melhores condi\u00e7\u00f5es de trabalho em Cuiab\u00e1 e V\u00e1rzea Grande"},"content":{"rendered":"\n<p>Os trabalhadores da coleta de lixo paralisaram o servi\u00e7o em&nbsp;<a class=\"\" href=\"https:\/\/g1.globo.com\/mt\/mato-grosso\/cidade\/cuiaba\/\">Cuiab\u00e1<\/a>&nbsp;e&nbsp;<a class=\"\" href=\"https:\/\/g1.globo.com\/mt\/mato-grosso\/cidade\/varzea-grande-mt\/\">V\u00e1rzea Grande<\/a>, regi\u00e3o metropolitana da capital, nesta ter\u00e7a-feira (2), devido \u00e0 falta de melhores condi\u00e7\u00f5es de trabalho. Na segunda-feira (1\u00b0), os trabalhadores fizeram uma manifesta\u00e7\u00e3o pontual no Minist\u00e9rio do Trabalho.<\/p>\n\n\n\n<p>Os coletores s\u00e3o contratados pela Locar Saneamento Ambiental. Ao&nbsp;<a class=\"\" href=\"https:\/\/g1.globo.com\/mt\/mato-grosso\/\"><strong>g1<\/strong><\/a>, o Sindicato dos Trabalhadores na Limpeza Urbana (Sindilimp-MT) informou que a categoria pretende continuar o movimento<strong>&nbsp;por tempo indeterminado<\/strong>, caso n\u00e3o seja encaminhada uma solu\u00e7\u00e3o.<\/p>\n\n\n\n<p>Em nota, a Empresa Cuiabana de Zeladoria e Servi\u00e7os Urbanos (Limpurb), informou que disponibilizou seu quadro de servidores para realizar as opera\u00e7\u00f5es de coleta, em uma tentativa de amenizar os preju\u00edzos causados pela greve.<\/p>\n\n\n\n<p>J\u00e1 a empresa Locar Saneamento Ambiental Ltda, informou que havia fechado um acordo com a media\u00e7\u00e3o do Minist\u00e9rio P\u00fablico do Trabalho de Mato Grosso,&nbsp;de reajuste salarial de 7,70%, e renda mensal de R$ 3.240,00 para os trabalhadores.<\/p>\n\n\n\n<p>&#8220;Mantendo a boa f\u00e9, a Locar Saneamento Ambiental est\u00e1 sempre aberta ao di\u00e1logo com os trabalhadores, sempre agindo em respeito \u00e0s leis e determina\u00e7\u00f5es da Justi\u00e7a&#8221;, diz trecho da nota.<\/p>\n\n\n\n<p><strong>Saiba o que a categoria reivindica:<\/strong><\/p>\n\n\n\n<ul>\n<li>Aumento do piso salarial;<\/li>\n\n\n\n<li>Pagamento do FGTS;<\/li>\n\n\n\n<li>Melhoria da frota;<\/li>\n\n\n\n<li>Pagamento do benef\u00edcio vale alimenta\u00e7\u00e3o;<\/li>\n\n\n\n<li>Fornecimento imediato de uniformes;<\/li>\n\n\n\n<li>Mudan\u00e7a na carga hor\u00e1ria<\/li>\n<\/ul>\n\n\n\n<p>No domingo (30), a greve dos trabalhadores da coleta de lixo foi considerada ilegal por decis\u00e3o liminar do juiz Tarc\u00edsio Regis Valente, do Tribunal Regional do Trabalho da 23\u00aa Regi\u00e3o. Caso a greve n\u00e3o seja encerrada,&nbsp;uma multa di\u00e1ria de R$ 100 mil ser\u00e1 aplicada, al\u00e9m do desconto no sal\u00e1rio dos empregados que participarem da paralisa\u00e7\u00e3o.<\/p>\n","protected":false},"excerpt":{"rendered":"<p>Os trabalhadores da coleta de lixo paralisaram o servi\u00e7o em&nbsp;Cuiab\u00e1&nbsp;e&nbsp;V\u00e1rzea Grande, regi\u00e3o metropolitana da capital, nesta ter\u00e7a-feira (2), devido \u00e0 falta de melhores condi\u00e7\u00f5es de trabalho. Na segunda-feira (1\u00b0), os trabalhadores fizeram uma manifesta\u00e7\u00e3o pontual no Minist\u00e9rio do Trabalho. Os coletores s\u00e3o contratados pela Locar Saneamento Ambiental. Ao&nbsp;g1, o Sindicato dos Trabalhadores na Limpeza Urbana [&hellip;]<\/p>\n","protected":false},"author":2,"featured_media":1152,"comment_status":"closed","ping_status":"closed","sticky":false,"template":"","format":"standard","meta":{"_monsterinsights_skip_tracking":false,"_monsterinsights_sitenote_active":false,"_monsterinsights_sitenote_note":"","_monsterinsights_sitenote_category":0,"footnotes":""},"categories":[51,1],"tags":[],"_links":{"self":[{"href":"https:\/\/nazarenonews.com.br\/index.php\/wp-json\/wp\/v2\/posts\/1151"}],"collection":[{"href":"https:\/\/nazarenonews.com.br\/index.php\/wp-json\/wp\/v2\/posts"}],"about":[{"href":"https:\/\/nazarenonews.com.br\/index.php\/wp-json\/wp\/v2\/types\/post"}],"author":[{"embeddable":true,"href":"https:\/\/nazarenonews.com.br\/index.php\/wp-json\/wp\/v2\/users\/2"}],"replies":[{"embeddable":true,"href":"https:\/\/nazarenonews.com.br\/index.php\/wp-json\/wp\/v2\/comments?post=1151"}],"version-history":[{"count":1,"href":"https:\/\/nazarenonews.com.br\/index.php\/wp-json\/wp\/v2\/posts\/1151\/revisions"}],"predecessor-version":[{"id":1153,"href":"https:\/\/nazarenonews.com.br\/index.php\/wp-json\/wp\/v2\/posts\/1151\/revisions\/1153"}],"wp:featuredmedia":[{"embeddable":true,"href":"https:\/\/nazarenonews.com.br\/index.php\/wp-json\/wp\/v2\/media\/1152"}],"wp:attachment":[{"href":"https:\/\/nazarenonews.com.br\/index.php\/wp-json\/wp\/v2\/media?parent=1151"}],"wp:term":[{"taxonomy":"category","embeddable":true,"href":"https:\/\/nazarenonews.com.br\/index.php\/wp-json\/wp\/v2\/categories?post=1151"},{"taxonomy":"post_tag","embeddable":true,"href":"https:\/\/nazarenonews.com.br\/index.php\/wp-json\/wp\/v2\/tags?post=1151"}],"curies":[{"name":"wp","href":"https:\/\/api.w.org\/{rel}","templated":true}]}}