{"id":1142,"date":"2024-07-02T07:10:19","date_gmt":"2024-07-02T11:10:19","guid":{"rendered":"https:\/\/nazarenonews.com.br\/?p=1142"},"modified":"2024-07-02T07:10:20","modified_gmt":"2024-07-02T11:10:20","slug":"lazaro-cuiabano-segue-31-dias-foragido-enquanto-governador-se-auto-homenageia-com-medalha-militar","status":"publish","type":"post","link":"https:\/\/nazarenonews.com.br\/index.php\/2024\/07\/02\/lazaro-cuiabano-segue-31-dias-foragido-enquanto-governador-se-auto-homenageia-com-medalha-militar\/","title":{"rendered":"\u201cL\u00e1zaro Cuiabano\u201d segue 31 dias foragido enquanto governador se auto homenageia com medalha militar"},"content":{"rendered":"\n<p>Apesar do esfor\u00e7o constante de policiais militares e policiais civis de Mato Grosso, que lutam diariamente diante da dura realidade do Estado, o assassino do Sargento Odenil Alves Pedroso, o faccionado Rafael Amorim de Brito, completou nesta sexta-feira (28.06) um m\u00eas impune.\u00a0<\/p>\n\n\n\n<p>Na luz do dia, em local vigiado por c\u00e2meras do programa Vigia Mais MT (que o governador apregoa como grande solu\u00e7\u00e3o contra as fac\u00e7\u00f5es), Rafael matou um sargento da Pol\u00edcia Militar de Mato Grosso, fugiu em uma moto de baixa cilindrada e simplesmente nunca mais foi encontrado.\u00a0<\/p>\n\n\n\n<p>As defici\u00eancias da Seguran\u00e7a P\u00fablica de Mato Grosso s\u00e3o ainda mais assustadoras se levarmos em considera\u00e7\u00e3o que Mauro Mendes queria colocar ar-condicionado nos pres\u00eddios, apesar do aumento expressivo das fac\u00e7\u00f5es nas unidades prisionais, consideradas &#8220;escolas do crime&#8221; no Estado.&nbsp;<\/p>\n\n\n\n<p>No meio desse cen\u00e1rio desastroso, o governador ainda decidiu homenagear a si mesmo, ao filho investigado pela PF e a primeira-dama de Mato Grosso com uma medalha militar, no mesmo m\u00eas que a fuga do assassino completa anivers\u00e1rio. Uma honraria que, na pr\u00e1tica, deveria ser entregue a policiais militares, que mesmo com baixo efetivo e baixa remunera\u00e7\u00e3o lutam para encontrar o assassino de Odenil.\u00a0<\/p>\n\n\n\n<p>Nazarenonews\/vgnot\u00edcias<\/p>\n","protected":false},"excerpt":{"rendered":"<p>Apesar do esfor\u00e7o constante de policiais militares e policiais civis de Mato Grosso, que lutam diariamente diante da dura realidade do Estado, o assassino do Sargento Odenil Alves Pedroso, o faccionado Rafael Amorim de Brito, completou nesta sexta-feira (28.06) um m\u00eas impune.\u00a0 Na luz do dia, em local vigiado por c\u00e2meras do programa Vigia Mais [&hellip;]<\/p>\n","protected":false},"author":2,"featured_media":1143,"comment_status":"closed","ping_status":"closed","sticky":false,"template":"","format":"standard","meta":{"_monsterinsights_skip_tracking":false,"_monsterinsights_sitenote_active":false,"_monsterinsights_sitenote_note":"","_monsterinsights_sitenote_category":0,"footnotes":""},"categories":[36,1],"tags":[],"_links":{"self":[{"href":"https:\/\/nazarenonews.com.br\/index.php\/wp-json\/wp\/v2\/posts\/1142"}],"collection":[{"href":"https:\/\/nazarenonews.com.br\/index.php\/wp-json\/wp\/v2\/posts"}],"about":[{"href":"https:\/\/nazarenonews.com.br\/index.php\/wp-json\/wp\/v2\/types\/post"}],"author":[{"embeddable":true,"href":"https:\/\/nazarenonews.com.br\/index.php\/wp-json\/wp\/v2\/users\/2"}],"replies":[{"embeddable":true,"href":"https:\/\/nazarenonews.com.br\/index.php\/wp-json\/wp\/v2\/comments?post=1142"}],"version-history":[{"count":1,"href":"https:\/\/nazarenonews.com.br\/index.php\/wp-json\/wp\/v2\/posts\/1142\/revisions"}],"predecessor-version":[{"id":1144,"href":"https:\/\/nazarenonews.com.br\/index.php\/wp-json\/wp\/v2\/posts\/1142\/revisions\/1144"}],"wp:featuredmedia":[{"embeddable":true,"href":"https:\/\/nazarenonews.com.br\/index.php\/wp-json\/wp\/v2\/media\/1143"}],"wp:attachment":[{"href":"https:\/\/nazarenonews.com.br\/index.php\/wp-json\/wp\/v2\/media?parent=1142"}],"wp:term":[{"taxonomy":"category","embeddable":true,"href":"https:\/\/nazarenonews.com.br\/index.php\/wp-json\/wp\/v2\/categories?post=1142"},{"taxonomy":"post_tag","embeddable":true,"href":"https:\/\/nazarenonews.com.br\/index.php\/wp-json\/wp\/v2\/tags?post=1142"}],"curies":[{"name":"wp","href":"https:\/\/api.w.org\/{rel}","templated":true}]}}