{"id":1136,"date":"2024-07-01T18:35:55","date_gmt":"2024-07-01T22:35:55","guid":{"rendered":"https:\/\/nazarenonews.com.br\/?p=1136"},"modified":"2024-07-01T18:35:56","modified_gmt":"2024-07-01T22:35:56","slug":"ufmt-encerra-greve-e-aulas-devem-voltar-na-quinta-feira-4","status":"publish","type":"post","link":"https:\/\/nazarenonews.com.br\/index.php\/2024\/07\/01\/ufmt-encerra-greve-e-aulas-devem-voltar-na-quinta-feira-4\/","title":{"rendered":"UFMT encerra greve e aulas devem voltar na quinta-feira (4)"},"content":{"rendered":"\n<p>Ap\u00f3s 30 dias, a&nbsp;greve dos professores na Universidade Federal de Mato Grosso (UFMT) chegou ao fim&nbsp;ap\u00f3s uma assembleia geral realizada pelo Associa\u00e7\u00e3o dos Docentes da Universidade Federal de Mato Grosso (Adufmat) nesta segunda-feira (1\u00b0). O fim da greve foi deflagrada com a maior parte dos votos a favor e tr\u00eas contr\u00e1rios.<\/p>\n\n\n\n<p>Segundo a Adufmat,&nbsp;<strong>o retorno das aulas dever\u00e1 acontecer ap\u00f3s 72h<\/strong>, dessa forma, as aulas poder\u00e3o voltar a partir dessa quinta-feira (4).<\/p>\n\n\n\n<p>A associa\u00e7\u00e3o marcou uma nova assembleia, na quarta-feira (3), para realizar uma readequa\u00e7\u00e3o do calend\u00e1rio acad\u00eamico e sugerir uma nova data de retorno das aulas, pois consideram um prazo muito curto para os estudantes que sa\u00edram de&nbsp;<a class=\"\" href=\"https:\/\/g1.globo.com\/mt\/mato-grosso\/cidade\/cuiaba\/\">Cuiab\u00e1<\/a>&nbsp;retornarem.<\/p>\n\n\n\n<p>Nesta segunda-feira, os<a class=\"\" href=\"https:\/\/g1.globo.com\/mt\/mato-grosso\/noticia\/2024\/06\/27\/professores-da-ufr-retornam-as-aulas-e-ufmt-marca-reuniao-para-avaliar-encerramento-de-greve.ghtml\">&nbsp;alunos da Universidade Federal de Rondon\u00f3polis (UFR) retornaram \u00e0s aulas<\/a>, ap\u00f3s os docentes anunciarem o fim da paralisa\u00e7\u00e3o no dia 27 de junho.<\/p>\n\n\n\n<p>Os representantes do Sindicato Nacional dos Docentes das Institui\u00e7\u00f5es de Ensino Superior (ANDES-SN) e da Rede Federal de Educa\u00e7\u00e3o Profissional, Cient\u00edfica e Tecnol\u00f3gica assinaram um acordo com o governo, tamb\u00e9m na quinta-feira (27), e encerraram a greve que teve in\u00edcio em abril.<\/p>\n\n\n\n<p>Nazarenonews\/g1-mt<\/p>\n","protected":false},"excerpt":{"rendered":"<p>Ap\u00f3s 30 dias, a&nbsp;greve dos professores na Universidade Federal de Mato Grosso (UFMT) chegou ao fim&nbsp;ap\u00f3s uma assembleia geral realizada pelo Associa\u00e7\u00e3o dos Docentes da Universidade Federal de Mato Grosso (Adufmat) nesta segunda-feira (1\u00b0). O fim da greve foi deflagrada com a maior parte dos votos a favor e tr\u00eas contr\u00e1rios. Segundo a Adufmat,&nbsp;o retorno [&hellip;]<\/p>\n","protected":false},"author":2,"featured_media":1137,"comment_status":"closed","ping_status":"closed","sticky":false,"template":"","format":"standard","meta":{"_monsterinsights_skip_tracking":false,"_monsterinsights_sitenote_active":false,"_monsterinsights_sitenote_note":"","_monsterinsights_sitenote_category":0,"footnotes":""},"categories":[1],"tags":[],"_links":{"self":[{"href":"https:\/\/nazarenonews.com.br\/index.php\/wp-json\/wp\/v2\/posts\/1136"}],"collection":[{"href":"https:\/\/nazarenonews.com.br\/index.php\/wp-json\/wp\/v2\/posts"}],"about":[{"href":"https:\/\/nazarenonews.com.br\/index.php\/wp-json\/wp\/v2\/types\/post"}],"author":[{"embeddable":true,"href":"https:\/\/nazarenonews.com.br\/index.php\/wp-json\/wp\/v2\/users\/2"}],"replies":[{"embeddable":true,"href":"https:\/\/nazarenonews.com.br\/index.php\/wp-json\/wp\/v2\/comments?post=1136"}],"version-history":[{"count":1,"href":"https:\/\/nazarenonews.com.br\/index.php\/wp-json\/wp\/v2\/posts\/1136\/revisions"}],"predecessor-version":[{"id":1138,"href":"https:\/\/nazarenonews.com.br\/index.php\/wp-json\/wp\/v2\/posts\/1136\/revisions\/1138"}],"wp:featuredmedia":[{"embeddable":true,"href":"https:\/\/nazarenonews.com.br\/index.php\/wp-json\/wp\/v2\/media\/1137"}],"wp:attachment":[{"href":"https:\/\/nazarenonews.com.br\/index.php\/wp-json\/wp\/v2\/media?parent=1136"}],"wp:term":[{"taxonomy":"category","embeddable":true,"href":"https:\/\/nazarenonews.com.br\/index.php\/wp-json\/wp\/v2\/categories?post=1136"},{"taxonomy":"post_tag","embeddable":true,"href":"https:\/\/nazarenonews.com.br\/index.php\/wp-json\/wp\/v2\/tags?post=1136"}],"curies":[{"name":"wp","href":"https:\/\/api.w.org\/{rel}","templated":true}]}}