{"id":1129,"date":"2024-07-01T12:48:43","date_gmt":"2024-07-01T16:48:43","guid":{"rendered":"https:\/\/nazarenonews.com.br\/?p=1129"},"modified":"2024-07-01T12:48:43","modified_gmt":"2024-07-01T16:48:43","slug":"juiz-considera-greve-dos-garis-ilegal-e-impoe-multa-diaria-de-r-100-mil","status":"publish","type":"post","link":"https:\/\/nazarenonews.com.br\/index.php\/2024\/07\/01\/juiz-considera-greve-dos-garis-ilegal-e-impoe-multa-diaria-de-r-100-mil\/","title":{"rendered":"Juiz considera greve dos garis ilegal e imp\u00f5e multa di\u00e1ria de R$ 100 mil"},"content":{"rendered":"\n<h3 class=\"wp-block-heading\">VANESSA MORENO<br>DO REP\u00d3RTERMT<\/h3>\n\n\n\n<p>O juiz Tarc\u00edsio Regis Valente, do Tribunal Regional do Trabalho da 23\u00aa Regi\u00e3o, expediu uma decis\u00e3o liminar, nesse domingo (30), declarando ilegal a greve dos profissionais de limpeza urbana em Cuiab\u00e1 e V\u00e1rzea Grande e impedindo que o Sindicato dos Empregados de Limpeza Urbana e \u00c1reas Verdes do Estado de Mato Grosso (Sindilimp-MT) continue com a paralisa\u00e7\u00e3o, iniciada nesta segunda-feira (1\u00ba), sob pena de multa di\u00e1ria de R$ 100.000,00.<\/p>\n\n\n\n<p>A decis\u00e3o judicial atendeu ao pedido da empresa Locar Saneamento Ambiental Ltda, que ajuizou um Diss\u00eddio Coletivo de Greve contra o sindicato. A empresa solicitou uma tutela de urg\u00eancia para evitar a paralisa\u00e7\u00e3o, alegando que greve n\u00e3o foi comunicada oficialmente pelos trabalhadores com 72 horas de anteced\u00eancia, conforme exigido por lei, sob pena de multa di\u00e1ria de R$ 300.000,00.<\/p>\n\n\n\n<p>Al\u00e9m disso, a Locar solicitou que, em caso de paralisa\u00e7\u00e3o, fosse mantido pelo menos 90% dos trabalhadores para garantir a continuidade dos servi\u00e7os essenciais de limpeza urbana, tamb\u00e9m sob pena de multa di\u00e1ria de R$ 300.000,00 e desconto salarial para os empregados que participarem da paralisa\u00e7\u00e3o.<\/p>\n\n\n\n<p>Ao analisar os documentos apresentados, o juiz concluiu que as negocia\u00e7\u00f5es entre as partes ainda est\u00e3o em andamento e que a greve n\u00e3o observa os requisitos necess\u00e1rios previstos na Lei de Greve n\u00ba 7.783\/89. Contudo, fixou em R$ 100 mil o valor da multa di\u00e1ria em caso de descumprimento da ordem.<\/p>\n\n\n\n<p><em><strong>&#8220;Nesse contexto, com fulcro no art. 300 do CPC, defiro o pedido&nbsp;de tutela provis\u00f3ria de urg\u00eancia para determinar que o SINDICATO ESPEC\u00cdFICO DOS<\/strong><\/em><br><em><strong>EMPREGADOS EM EMPRESAS DE LIMPEZA URBANA E \u00c1REAS VERDES DO ESTADO DE&nbsp;MATO GROSSO \u2013 SINDILIMP\/MT n\u00e3o d\u00ea in\u00edcio \u00e0 greve anunciada, ou se iniciada, que a&nbsp;encerre imediatamente, devendo, ainda, evitar a\u00e7\u00f5es que impliquem na redu\u00e7\u00e3o ou&nbsp;tolhimento da presta\u00e7\u00e3o integral dos servi\u00e7os essenciais em atendimento.&nbsp;Havendo descumprimento da ordem, fixo multa di\u00e1ria no valor&nbsp;de R$ 100.000,00 [cem mil reais]&#8221;<\/strong><\/em>, diz trecho da decis\u00e3o.<\/p>\n\n\n\n<p>Os trabalhadores de limpeza urbana de Cuiab\u00e1 e V\u00e1rzea Grande reivindicam melhores condi\u00e7\u00f5es de trabalho, reajuste salarial e benef\u00edcios para a categoria. Os profissionais realizaram mobiliza\u00e7\u00e3o em frente \u00e0 Locar e na Delegacia Regional do Trabalho nesta manh\u00e3, alegando que a empresa n\u00e3o realiza os pagamentos do Fundo de Garantia por Tempo de Servi\u00e7o (FGTS), n\u00e3o reajusta o sal\u00e1rio h\u00e1 7 meses, n\u00e3o h\u00e1 funcion\u00e1rios suficientes para a realiza\u00e7\u00e3o dos servi\u00e7os e cargas hor\u00e1rias s\u00e3o abusivas.<\/p>\n\n\n\n<p>J\u00e1 o sindicato informou que o que foi oferecido pela empresa n\u00e3o atende as propostas dos trabalhadores e que a Locar pode estar adiando as negocia\u00e7\u00f5es pois o encerramento do contrato est\u00e1 previsto para o dia 3 de dezembro deste ano.<\/p>\n\n\n\n<p>Nazarenonews\/reportermt<\/p>\n\n\n\n<p><\/p>\n","protected":false},"excerpt":{"rendered":"<p>VANESSA MORENODO REP\u00d3RTERMT O juiz Tarc\u00edsio Regis Valente, do Tribunal Regional do Trabalho da 23\u00aa Regi\u00e3o, expediu uma decis\u00e3o liminar, nesse domingo (30), declarando ilegal a greve dos profissionais de limpeza urbana em Cuiab\u00e1 e V\u00e1rzea Grande e impedindo que o Sindicato dos Empregados de Limpeza Urbana e \u00c1reas Verdes do Estado de Mato Grosso [&hellip;]<\/p>\n","protected":false},"author":2,"featured_media":1130,"comment_status":"closed","ping_status":"closed","sticky":false,"template":"","format":"standard","meta":{"_monsterinsights_skip_tracking":false,"_monsterinsights_sitenote_active":false,"_monsterinsights_sitenote_note":"","_monsterinsights_sitenote_category":0,"footnotes":""},"categories":[36,1],"tags":[],"_links":{"self":[{"href":"https:\/\/nazarenonews.com.br\/index.php\/wp-json\/wp\/v2\/posts\/1129"}],"collection":[{"href":"https:\/\/nazarenonews.com.br\/index.php\/wp-json\/wp\/v2\/posts"}],"about":[{"href":"https:\/\/nazarenonews.com.br\/index.php\/wp-json\/wp\/v2\/types\/post"}],"author":[{"embeddable":true,"href":"https:\/\/nazarenonews.com.br\/index.php\/wp-json\/wp\/v2\/users\/2"}],"replies":[{"embeddable":true,"href":"https:\/\/nazarenonews.com.br\/index.php\/wp-json\/wp\/v2\/comments?post=1129"}],"version-history":[{"count":1,"href":"https:\/\/nazarenonews.com.br\/index.php\/wp-json\/wp\/v2\/posts\/1129\/revisions"}],"predecessor-version":[{"id":1131,"href":"https:\/\/nazarenonews.com.br\/index.php\/wp-json\/wp\/v2\/posts\/1129\/revisions\/1131"}],"wp:featuredmedia":[{"embeddable":true,"href":"https:\/\/nazarenonews.com.br\/index.php\/wp-json\/wp\/v2\/media\/1130"}],"wp:attachment":[{"href":"https:\/\/nazarenonews.com.br\/index.php\/wp-json\/wp\/v2\/media?parent=1129"}],"wp:term":[{"taxonomy":"category","embeddable":true,"href":"https:\/\/nazarenonews.com.br\/index.php\/wp-json\/wp\/v2\/categories?post=1129"},{"taxonomy":"post_tag","embeddable":true,"href":"https:\/\/nazarenonews.com.br\/index.php\/wp-json\/wp\/v2\/tags?post=1129"}],"curies":[{"name":"wp","href":"https:\/\/api.w.org\/{rel}","templated":true}]}}