{"id":1126,"date":"2024-07-01T12:16:42","date_gmt":"2024-07-01T16:16:42","guid":{"rendered":"https:\/\/nazarenonews.com.br\/?p=1126"},"modified":"2024-07-01T12:16:42","modified_gmt":"2024-07-01T16:16:42","slug":"garis-de-cuiaba-e-vg-entram-em-greve-por-reajuste-salarial-e-melhores-condicoes-de-trabalho","status":"publish","type":"post","link":"https:\/\/nazarenonews.com.br\/index.php\/2024\/07\/01\/garis-de-cuiaba-e-vg-entram-em-greve-por-reajuste-salarial-e-melhores-condicoes-de-trabalho\/","title":{"rendered":"Garis de Cuiab\u00e1 e VG entram em greve por reajuste salarial e melhores condi\u00e7\u00f5es de trabalho"},"content":{"rendered":"\n<p>Trabalhadores de limpeza urbana de Cuiab\u00e1 e V\u00e1rzea Grande entraram em greve nesta segunda-feira (01), por tempo indeterminado, reivindicando melhores condi\u00e7\u00f5es de trabalho, reajuste salarial e benef\u00edcios para a categoria. A decis\u00e3o foi tomada, no \u00faltimo dia 27, ap\u00f3s uma reuni\u00e3o com a empresa Locar Saneamento Ambiental Ltda, que atua no servi\u00e7o de coleta na capital e na cidade vizinha.<\/p>\n\n\n\n<p>Os profissionais realizaram mobiliza\u00e7\u00e3o em frente \u00e0 empresa nesta manh\u00e3 e logo ap\u00f3s seguiram at\u00e9 \u00e0 Delegacia Regional do Trabalho. A classe, representada pelo Sindicato Espec\u00edfico dos Empregados em Empresas de Limpeza Urbana e \u00c1reas Verdes do Estado de Mato Grosso (Sindilimp\/MT), afirma que est\u00e1 h\u00e1 mais de 60 dias reivindicando as melhorias e tendo suas propostas recusadas.<\/p>\n\n\n\n<p>De acordo com funcion\u00e1rios, a Locar n\u00e3o paga o Fundo de Garantia por Tempo de Servi\u00e7o (FGTS), n\u00e3o reajusta o sal\u00e1rio h\u00e1 7 meses, n\u00e3o h\u00e1 funcion\u00e1rios suficientes para a realiza\u00e7\u00e3o do servi\u00e7o e as cargas hor\u00e1rias s\u00e3o abusivas. Eles querem que o sal\u00e1rio saia&nbsp;de R$1.423 para R$1.700.&nbsp;<\/p>\n\n\n\n<p>No dia 26 de junho, o sindicato esteve junto \u00e0 empresa em uma reuni\u00e3o na sede do Minist\u00e9rio P\u00fablico do Trabalho (MPT), onde foi constatado pelos trabalhadores que a mesma est\u00e1 adiando as negocia\u00e7\u00f5es pois o encerramento do contrato est\u00e1 previsto para o dia 3 de dezembro deste ano.<\/p>\n\n\n\n<p>O sindicato informou ainda que as propostas oferecidas pela Locar n\u00e3o atendem ao que foi definido pelos trabalhadores.<\/p>\n\n\n\n<p>\u201c<em><strong>O Sindilimp\/MT nunca deixou de negociar as pautas trabalhistas aprovadas em assembleias e comunica neste ato a decis\u00e3o dos trabalhadores em rela\u00e7\u00e3o aos andamentos e a maneira que vem sendo tratada as negocia\u00e7\u00f5es por parte da Locar<\/strong><\/em>\u201d, diz trecho da nota emitida pelo sindicato.<\/p>\n\n\n\n<p>A Empresa Cuiabana de Zeladoria e Servi\u00e7os Urbanos (Limpurb) emitiu nota dizendo que n\u00e3o pode interferir nas a\u00e7\u00f5es feitas pela administra\u00e7\u00e3o e gest\u00e3o por se tratar de uma empresa privada. Confira a nota na \u00edntegra:<\/p>\n\n\n\n<p><strong>Nota \u00e0 Imprensa<\/strong><\/p>\n\n\n\n<p><em>Quanto \u00e0 paralisa\u00e7\u00e3o dos profissionais de limpeza urbana, a Empresa Cuiabana de Zeladoria e Servi\u00e7os Urbanos (Limpurb) esclarece que a a\u00e7\u00e3o se d\u00e1 em raz\u00e3o do reajuste salarial proposto pela empresa prestadora de servi\u00e7os Locar Saneamento Ambiental.<\/em><\/p>\n\n\n\n<p><em>Pontuamos que, por ser uma empresa privada, a Limpurb n\u00e3o pode interferir nas a\u00e7\u00f5es feitas pela administra\u00e7\u00e3o e gest\u00e3o, mesmo que isso interfira diretamente na presta\u00e7\u00e3o de servi\u00e7os de zeladoria e limpeza urbana em Cuiab\u00e1.<\/em><\/p>\n\n\n\n<p><em>Por fim, ressaltamos a import\u00e2ncia da transpar\u00eancia e do compromisso em manter a integridade em todas as a\u00e7\u00f5es.<\/em><\/p>\n\n\n\n<p>Nazarenonews\/reportermt<\/p>\n","protected":false},"excerpt":{"rendered":"<p>Trabalhadores de limpeza urbana de Cuiab\u00e1 e V\u00e1rzea Grande entraram em greve nesta segunda-feira (01), por tempo indeterminado, reivindicando melhores condi\u00e7\u00f5es de trabalho, reajuste salarial e benef\u00edcios para a categoria. A decis\u00e3o foi tomada, no \u00faltimo dia 27, ap\u00f3s uma reuni\u00e3o com a empresa Locar Saneamento Ambiental Ltda, que atua no servi\u00e7o de coleta na [&hellip;]<\/p>\n","protected":false},"author":2,"featured_media":1127,"comment_status":"closed","ping_status":"closed","sticky":false,"template":"","format":"standard","meta":{"_monsterinsights_skip_tracking":false,"_monsterinsights_sitenote_active":false,"_monsterinsights_sitenote_note":"","_monsterinsights_sitenote_category":0,"footnotes":""},"categories":[36,1],"tags":[],"_links":{"self":[{"href":"https:\/\/nazarenonews.com.br\/index.php\/wp-json\/wp\/v2\/posts\/1126"}],"collection":[{"href":"https:\/\/nazarenonews.com.br\/index.php\/wp-json\/wp\/v2\/posts"}],"about":[{"href":"https:\/\/nazarenonews.com.br\/index.php\/wp-json\/wp\/v2\/types\/post"}],"author":[{"embeddable":true,"href":"https:\/\/nazarenonews.com.br\/index.php\/wp-json\/wp\/v2\/users\/2"}],"replies":[{"embeddable":true,"href":"https:\/\/nazarenonews.com.br\/index.php\/wp-json\/wp\/v2\/comments?post=1126"}],"version-history":[{"count":1,"href":"https:\/\/nazarenonews.com.br\/index.php\/wp-json\/wp\/v2\/posts\/1126\/revisions"}],"predecessor-version":[{"id":1128,"href":"https:\/\/nazarenonews.com.br\/index.php\/wp-json\/wp\/v2\/posts\/1126\/revisions\/1128"}],"wp:featuredmedia":[{"embeddable":true,"href":"https:\/\/nazarenonews.com.br\/index.php\/wp-json\/wp\/v2\/media\/1127"}],"wp:attachment":[{"href":"https:\/\/nazarenonews.com.br\/index.php\/wp-json\/wp\/v2\/media?parent=1126"}],"wp:term":[{"taxonomy":"category","embeddable":true,"href":"https:\/\/nazarenonews.com.br\/index.php\/wp-json\/wp\/v2\/categories?post=1126"},{"taxonomy":"post_tag","embeddable":true,"href":"https:\/\/nazarenonews.com.br\/index.php\/wp-json\/wp\/v2\/tags?post=1126"}],"curies":[{"name":"wp","href":"https:\/\/api.w.org\/{rel}","templated":true}]}}