{"id":10865,"date":"2025-04-05T16:15:07","date_gmt":"2025-04-05T20:15:07","guid":{"rendered":"https:\/\/nazarenonews.com.br\/?p=10865"},"modified":"2025-04-05T16:15:07","modified_gmt":"2025-04-05T20:15:07","slug":"homem-e-preso-suspeito-de-se-passar-por-policial-e-agredir-paciente-com-madeira-em-upa-em-cuiaba","status":"publish","type":"post","link":"https:\/\/nazarenonews.com.br\/index.php\/2025\/04\/05\/homem-e-preso-suspeito-de-se-passar-por-policial-e-agredir-paciente-com-madeira-em-upa-em-cuiaba\/","title":{"rendered":"Homem \u00e9 preso suspeito de se passar por policial e agredir paciente com madeira em UPA em Cuiab\u00e1"},"content":{"rendered":"\n<p>Um homem de 46 anos foi preso ap\u00f3s se passar por policial civil e agredir um paciente com um peda\u00e7o de madeira dentro da Unidade de Pronto Atendimento (UPA) Jardim Leblon, em&nbsp;<a class=\"\" href=\"https:\/\/g1.globo.com\/mt\/mato-grosso\/cidade\/cuiaba\/\">Cuiab\u00e1<\/a>, neste s\u00e1bado (5).<\/p>\n\n\n\n<p>Segundo a Pol\u00edcia Militar, as equipes foram acionadas ap\u00f3s uma briga envolvendo um homem que se identificava como policial. No local, o suspeito afirmava ser da Pol\u00edcia Civil, mas&nbsp;a informa\u00e7\u00e3o foi desmentida ap\u00f3s a checagem do documento de identidade.<\/p>\n\n\n\n<p>De acordo com um funcion\u00e1rio da unidade, o homem entrou na UPA gritando e passou a agredir a v\u00edtima com um peda\u00e7o de madeira. O golpe agravou uma les\u00e3o em um dos pulsos do paciente, que precisou de atendimento m\u00e9dico para controlar o sangramento.<\/p>\n\n\n\n<p>O agressor alegou que a v\u00edtima teria furtado sua casa, acusa\u00e7\u00e3o que foi negada pela v\u00edtima. Ele afirmou que havia voltado ao local apenas para pegar ferramentas, ap\u00f3s ter prestado um servi\u00e7o na casa do homem. Segundo ele, foi amea\u00e7ado e atacado assim que chegou.<\/p>\n\n\n\n<p>O homem foi detido e conduzido \u00e0 Central de Flagrantes, onde foi preso por\u00a0les\u00e3o corporal, amea\u00e7a e falsidade ideol\u00f3gica.<\/p>\n\n\n\n<p>g1-MT<\/p>\n","protected":false},"excerpt":{"rendered":"<p>Um homem de 46 anos foi preso ap\u00f3s se passar por policial civil e agredir um paciente com um peda\u00e7o de madeira dentro da Unidade de Pronto Atendimento (UPA) Jardim Leblon, em&nbsp;Cuiab\u00e1, neste s\u00e1bado (5). Segundo a Pol\u00edcia Militar, as equipes foram acionadas ap\u00f3s uma briga envolvendo um homem que se identificava como policial. No [&hellip;]<\/p>\n","protected":false},"author":2,"featured_media":10866,"comment_status":"closed","ping_status":"closed","sticky":false,"template":"","format":"standard","meta":{"_monsterinsights_skip_tracking":false,"_monsterinsights_sitenote_active":false,"_monsterinsights_sitenote_note":"","_monsterinsights_sitenote_category":0,"footnotes":""},"categories":[1],"tags":[],"_links":{"self":[{"href":"https:\/\/nazarenonews.com.br\/index.php\/wp-json\/wp\/v2\/posts\/10865"}],"collection":[{"href":"https:\/\/nazarenonews.com.br\/index.php\/wp-json\/wp\/v2\/posts"}],"about":[{"href":"https:\/\/nazarenonews.com.br\/index.php\/wp-json\/wp\/v2\/types\/post"}],"author":[{"embeddable":true,"href":"https:\/\/nazarenonews.com.br\/index.php\/wp-json\/wp\/v2\/users\/2"}],"replies":[{"embeddable":true,"href":"https:\/\/nazarenonews.com.br\/index.php\/wp-json\/wp\/v2\/comments?post=10865"}],"version-history":[{"count":1,"href":"https:\/\/nazarenonews.com.br\/index.php\/wp-json\/wp\/v2\/posts\/10865\/revisions"}],"predecessor-version":[{"id":10867,"href":"https:\/\/nazarenonews.com.br\/index.php\/wp-json\/wp\/v2\/posts\/10865\/revisions\/10867"}],"wp:featuredmedia":[{"embeddable":true,"href":"https:\/\/nazarenonews.com.br\/index.php\/wp-json\/wp\/v2\/media\/10866"}],"wp:attachment":[{"href":"https:\/\/nazarenonews.com.br\/index.php\/wp-json\/wp\/v2\/media?parent=10865"}],"wp:term":[{"taxonomy":"category","embeddable":true,"href":"https:\/\/nazarenonews.com.br\/index.php\/wp-json\/wp\/v2\/categories?post=10865"},{"taxonomy":"post_tag","embeddable":true,"href":"https:\/\/nazarenonews.com.br\/index.php\/wp-json\/wp\/v2\/tags?post=10865"}],"curies":[{"name":"wp","href":"https:\/\/api.w.org\/{rel}","templated":true}]}}