{"id":10863,"date":"2025-04-05T08:05:50","date_gmt":"2025-04-05T12:05:50","guid":{"rendered":"https:\/\/nazarenonews.com.br\/?p=10863"},"modified":"2025-04-05T08:05:50","modified_gmt":"2025-04-05T12:05:50","slug":"mae-de-piloto-morto-em-queda-de-aviao-em-mt-diz-que-tinha-medo-de-perder-filho-em-acidente-temia-os-perigos-da-profissao","status":"publish","type":"post","link":"https:\/\/nazarenonews.com.br\/index.php\/2025\/04\/05\/mae-de-piloto-morto-em-queda-de-aviao-em-mt-diz-que-tinha-medo-de-perder-filho-em-acidente-temia-os-perigos-da-profissao\/","title":{"rendered":"M\u00e3e de piloto morto em queda de avi\u00e3o em MT diz que tinha medo de perder filho em acidente: &#8216;temia os perigos da profiss\u00e3o&#8217;"},"content":{"rendered":"\n<p>O piloto&nbsp;<strong>Fl\u00e1vio Rivera<\/strong>, de 54 anos, que&nbsp;<a class=\"\" href=\"https:\/\/g1.globo.com\/mt\/mato-grosso\/noticia\/2025\/04\/03\/piloto-que-desapareceu-apos-queda-de-aviao-e-encontrado-morto-em-mt.ghtml\">morreu nessa quarta-feira (2) na queda de um avi\u00e3o<\/a>, em&nbsp;<a class=\"\" href=\"https:\/\/g1.globo.com\/mt\/mato-grosso\/cidade\/rondonopolis\/\">Rondon\u00f3polis<\/a>, a 218 km de Cuiab\u00e1, sempre teve a avia\u00e7\u00e3o como um sonho, segundo a fam\u00edlia. O piloto morava em&nbsp;<a class=\"\" href=\"https:\/\/g1.globo.com\/mt\/mato-grosso\/cidade\/primavera-do-leste\/\">Primavera do Leste<\/a>, a 239 km de Cuiab\u00e1, e deixa tr\u00eas filhos e um neto.<\/p>\n\n\n\n<p>Em entrevista ao\u00a0<a class=\"\" href=\"https:\/\/g1.globo.com\/mt\/mato-grosso\/\"><strong>g1,<\/strong><\/a>\u00a0a m\u00e3e do piloto, a cantora e compositora Vera Capile, contou que temia os riscos de acidentes a\u00e9reos, mas afirmou que Fl\u00e1vio\u00a0trabalhava com avia\u00e7\u00e3o h\u00e1 cerca de 20 anos\u00a0e tinha uma grande paix\u00e3o pela profiss\u00e3o.<\/p>\n\n\n\n<p><strong>\u201cEle sempre gostou muito da avia\u00e7\u00e3o e sempre foi muito dedicado. Eu falava que temia os perigos da profiss\u00e3o, mas ele sempre dizia que se acontecesse, estava feliz, porque estava fazendo algo que gosta\u201d, disse.<\/strong><\/p>\n\n\n\n<p>Na quarta-feira (2), Fl\u00e1vio pilotava um Piper Cherokee Six, uma aeronave de pequeno porte que desapareceu ap\u00f3s decolar de Primavera do Leste \u00e0s 7h15, com previs\u00e3o de pouso \u00e0s 8h30 em um aeroporto privado na Gleba Rio Vermelho. No entanto, o avi\u00e3o perdeu contato com o radar poucos minutos antes do pouso e os&nbsp;<a class=\"\" href=\"https:\/\/g1.globo.com\/mt\/mato-grosso\/noticia\/2025\/04\/03\/destrocos-de-aviao-de-pequeno-porte-desaparecido-em-mt-sao-localizados-em-mata-fechada.ghtml\">destro\u00e7os foram encontrados em uma \u00e1rea de dif\u00edcil acesso, conhecida como Morro do Gavi\u00e3o, horas ap\u00f3s a queda.<\/a><\/p>\n\n\n\n<p><strong>N\u00e3o h\u00e1 informa\u00e7\u00f5es sobre a causa do acidente<\/strong>. O radar registrou que Fl\u00e1vio fez v\u00e1rias voltas entre o ponto de partida e o de chegada, antes de perder contato.<\/p>\n\n\n\n<p>A aeronave pertence ao empres\u00e1rio do agroneg\u00f3cio Jo\u00e3o Trojan. Ele disse que Fl\u00e1vio era experiente, trabalhava com ele h\u00e1 quatro anos e acostumado a fazer o trajeto.<\/p>\n\n\n\n<p><strong>\u201c\u00c9 um trajeto que a gente faz em m\u00e9dia a cada 10 ou 15 dias, e j\u00e1 faz quatro 4 anos que essa era a rotina dele. O que nos surpreendeu \u00e9 que ele j\u00e1 era familiarizado com o trajeto. A gente ficou preocupado, pois ele n\u00e3o chegava no aeroporto\u201d, disse.<\/strong><\/p>\n\n\n\n<p>O acidente<\/p>\n\n\n\n<p>Na tarde dessa quarta-feira (2), a For\u00e7a A\u00e9rea Brasileira (FAB) iniciou uma opera\u00e7\u00e3o de busca e salvamento ao longo da rota planejada. O avi\u00e3o Piper Cherokee Six desapareceu ap\u00f3s decolar de Primavera do Leste \u00e0s 7h15, com previs\u00e3o de pouso \u00e0s 8h30 em um aeroporto privado na Gleba Rio Vermelho. Por\u00e9m, a aeronave perdeu contato com o radar poucos minutos antes do pouso.<\/p>\n\n\n\n<p>No fim do dia, os destro\u00e7os foram encontrados em meio \u00e0 mata fechada. Equipes do Corpo de Bombeiros enfrentaram dificuldades em acessar a \u00e1rea do acidente por causa do terreno e anoitecer.<\/p>\n\n\n\n<p>Segundo o capit\u00e3o do Corpo de Bombeiros, Roberto Coelho, o acidente aconteceu pela manh\u00e3, mas as equipes s\u00f3 chegaram pr\u00f3ximo ao local da queda ao fim do dia, por ser uma regi\u00e3o de dif\u00edcil acesso. &#8220;Entramos na regi\u00e3o por volta de 19h e cerca de 00h achamos. Muito complicado por ser noite e \u00e9 uma serra, muito \u00edngreme e com pared\u00f5es\u201d<\/p>\n\n\n\n<p>g1-MT<\/p>\n","protected":false},"excerpt":{"rendered":"<p>O piloto&nbsp;Fl\u00e1vio Rivera, de 54 anos, que&nbsp;morreu nessa quarta-feira (2) na queda de um avi\u00e3o, em&nbsp;Rondon\u00f3polis, a 218 km de Cuiab\u00e1, sempre teve a avia\u00e7\u00e3o como um sonho, segundo a fam\u00edlia. O piloto morava em&nbsp;Primavera do Leste, a 239 km de Cuiab\u00e1, e deixa tr\u00eas filhos e um neto. Em entrevista ao\u00a0g1,\u00a0a m\u00e3e do piloto, [&hellip;]<\/p>\n","protected":false},"author":2,"featured_media":10831,"comment_status":"closed","ping_status":"closed","sticky":false,"template":"","format":"standard","meta":{"_monsterinsights_skip_tracking":false,"_monsterinsights_sitenote_active":false,"_monsterinsights_sitenote_note":"","_monsterinsights_sitenote_category":0,"footnotes":""},"categories":[1],"tags":[],"_links":{"self":[{"href":"https:\/\/nazarenonews.com.br\/index.php\/wp-json\/wp\/v2\/posts\/10863"}],"collection":[{"href":"https:\/\/nazarenonews.com.br\/index.php\/wp-json\/wp\/v2\/posts"}],"about":[{"href":"https:\/\/nazarenonews.com.br\/index.php\/wp-json\/wp\/v2\/types\/post"}],"author":[{"embeddable":true,"href":"https:\/\/nazarenonews.com.br\/index.php\/wp-json\/wp\/v2\/users\/2"}],"replies":[{"embeddable":true,"href":"https:\/\/nazarenonews.com.br\/index.php\/wp-json\/wp\/v2\/comments?post=10863"}],"version-history":[{"count":1,"href":"https:\/\/nazarenonews.com.br\/index.php\/wp-json\/wp\/v2\/posts\/10863\/revisions"}],"predecessor-version":[{"id":10864,"href":"https:\/\/nazarenonews.com.br\/index.php\/wp-json\/wp\/v2\/posts\/10863\/revisions\/10864"}],"wp:featuredmedia":[{"embeddable":true,"href":"https:\/\/nazarenonews.com.br\/index.php\/wp-json\/wp\/v2\/media\/10831"}],"wp:attachment":[{"href":"https:\/\/nazarenonews.com.br\/index.php\/wp-json\/wp\/v2\/media?parent=10863"}],"wp:term":[{"taxonomy":"category","embeddable":true,"href":"https:\/\/nazarenonews.com.br\/index.php\/wp-json\/wp\/v2\/categories?post=10863"},{"taxonomy":"post_tag","embeddable":true,"href":"https:\/\/nazarenonews.com.br\/index.php\/wp-json\/wp\/v2\/tags?post=10863"}],"curies":[{"name":"wp","href":"https:\/\/api.w.org\/{rel}","templated":true}]}}