{"id":10860,"date":"2025-04-05T08:02:57","date_gmt":"2025-04-05T12:02:57","guid":{"rendered":"https:\/\/nazarenonews.com.br\/?p=10860"},"modified":"2025-04-05T08:02:58","modified_gmt":"2025-04-05T12:02:58","slug":"galos-drogados-para-rinhas-sao-resgatados-e-levados-para-casa-de-reabilitacao-apos-prisao-de-morador-em-mt","status":"publish","type":"post","link":"https:\/\/nazarenonews.com.br\/index.php\/2025\/04\/05\/galos-drogados-para-rinhas-sao-resgatados-e-levados-para-casa-de-reabilitacao-apos-prisao-de-morador-em-mt\/","title":{"rendered":"Galos drogados para rinhas s\u00e3o resgatados e levados para casa de reabilita\u00e7\u00e3o ap\u00f3s pris\u00e3o de morador em MT"},"content":{"rendered":"\n<p>Dez galos foram resgatados e encaminhados para uma casa de reabilita\u00e7\u00e3o de dependentes qu\u00edmicos, ap\u00f3s um homem de 32 anos ser preso em flagrante por&nbsp;<strong>drogar os animais para realizar rinhas<\/strong>, em&nbsp;<a class=\"\" href=\"https:\/\/g1.globo.com\/mt\/mato-grosso\/cidade\/varzea-grande-mt\/\">V\u00e1rzea Grande<\/a>, regi\u00e3o metropolitana de Cuiab\u00e1, nesta sexta-feira (4).<\/p>\n\n\n\n<p>De acordo com a Pol\u00edcia Civil, a pris\u00e3o foi feita ap\u00f3s a Delegacia Especializada de Meio Ambiente (Dema) receber uma den\u00fancia informando que um morador do bairro Parque do Lago estava mantendo galos engaiolados para fazer rinhas.<\/p>\n\n\n\n<p>Na casa do investigado, os policiais encontraram os\u00a0animais presos em espa\u00e7os pequenos, com ind\u00edcios de prepara\u00e7\u00e3o para rinhas, como o\u00a0corte das esporas\u00a0em alguns dos animais.<\/p>\n\n\n\n<p>Durante a a\u00e7\u00e3o,&nbsp;cinco gaiolas, quatro colch\u00f5es que eram utilizados como \u00e1rea de combate, um timer de cronometragem, luvas, tesouras e os&nbsp;medicamentos usados para drogar os animais foram apreendidos.<\/p>\n\n\n\n<p>Segundo a delegacia, ap\u00f3s receberam atendimento na cl\u00ednica, os galos devem ser soltos na \u00e1rea da pr\u00f3pria casa de reabilita\u00e7\u00e3o.<\/p>\n\n\n\n<p>O suspeito foi encaminhado \u00e0 Dema, onde foi interrogado e autuado em flagrante pelo crime de maus-tratos de animais. A identidade dele n\u00e3o foi divulgada.<\/p>\n\n\n\n<p>g1-MT<\/p>\n","protected":false},"excerpt":{"rendered":"<p>Dez galos foram resgatados e encaminhados para uma casa de reabilita\u00e7\u00e3o de dependentes qu\u00edmicos, ap\u00f3s um homem de 32 anos ser preso em flagrante por&nbsp;drogar os animais para realizar rinhas, em&nbsp;V\u00e1rzea Grande, regi\u00e3o metropolitana de Cuiab\u00e1, nesta sexta-feira (4). De acordo com a Pol\u00edcia Civil, a pris\u00e3o foi feita ap\u00f3s a Delegacia Especializada de Meio [&hellip;]<\/p>\n","protected":false},"author":2,"featured_media":10861,"comment_status":"closed","ping_status":"closed","sticky":false,"template":"","format":"standard","meta":{"_monsterinsights_skip_tracking":false,"_monsterinsights_sitenote_active":false,"_monsterinsights_sitenote_note":"","_monsterinsights_sitenote_category":0,"footnotes":""},"categories":[1],"tags":[],"_links":{"self":[{"href":"https:\/\/nazarenonews.com.br\/index.php\/wp-json\/wp\/v2\/posts\/10860"}],"collection":[{"href":"https:\/\/nazarenonews.com.br\/index.php\/wp-json\/wp\/v2\/posts"}],"about":[{"href":"https:\/\/nazarenonews.com.br\/index.php\/wp-json\/wp\/v2\/types\/post"}],"author":[{"embeddable":true,"href":"https:\/\/nazarenonews.com.br\/index.php\/wp-json\/wp\/v2\/users\/2"}],"replies":[{"embeddable":true,"href":"https:\/\/nazarenonews.com.br\/index.php\/wp-json\/wp\/v2\/comments?post=10860"}],"version-history":[{"count":1,"href":"https:\/\/nazarenonews.com.br\/index.php\/wp-json\/wp\/v2\/posts\/10860\/revisions"}],"predecessor-version":[{"id":10862,"href":"https:\/\/nazarenonews.com.br\/index.php\/wp-json\/wp\/v2\/posts\/10860\/revisions\/10862"}],"wp:featuredmedia":[{"embeddable":true,"href":"https:\/\/nazarenonews.com.br\/index.php\/wp-json\/wp\/v2\/media\/10861"}],"wp:attachment":[{"href":"https:\/\/nazarenonews.com.br\/index.php\/wp-json\/wp\/v2\/media?parent=10860"}],"wp:term":[{"taxonomy":"category","embeddable":true,"href":"https:\/\/nazarenonews.com.br\/index.php\/wp-json\/wp\/v2\/categories?post=10860"},{"taxonomy":"post_tag","embeddable":true,"href":"https:\/\/nazarenonews.com.br\/index.php\/wp-json\/wp\/v2\/tags?post=10860"}],"curies":[{"name":"wp","href":"https:\/\/api.w.org\/{rel}","templated":true}]}}