{"id":10857,"date":"2025-04-05T08:01:12","date_gmt":"2025-04-05T12:01:12","guid":{"rendered":"https:\/\/nazarenonews.com.br\/?p=10857"},"modified":"2025-04-05T08:01:12","modified_gmt":"2025-04-05T12:01:12","slug":"grampolandia-pantaneira-justica-absolve-ex-governador-primo-e-outros-4-investigados-pelo-esquema-em-mt","status":"publish","type":"post","link":"https:\/\/nazarenonews.com.br\/index.php\/2025\/04\/05\/grampolandia-pantaneira-justica-absolve-ex-governador-primo-e-outros-4-investigados-pelo-esquema-em-mt\/","title":{"rendered":"\u2018Grampol\u00e2ndia Pantaneira\u2019: Justi\u00e7a absolve ex-governador, primo e outros 4 investigados pelo esquema em MT"},"content":{"rendered":"\n<p>A Justi\u00e7a de Mato Grosso absolveu, nessa quinta-feira (3), o ex-governador do estado Pedro Taques e o primo dele, o ex-secret\u00e1rio da Casa Civil Paulo Taques, acusados de envolvimento no suposto esquema de intercepta\u00e7\u00f5es clandestinas que se tornou conhecida como&nbsp;<a class=\"\" href=\"https:\/\/g1.globo.com\/mato-grosso\/noticia\/esquema-grampeou-telefones-de-politicos-advogados-e-jornalista-em-mt.ghtml\">&#8216;Grampol\u00e2ndia Pantaneira&#8217;<\/a>.<\/p>\n\n\n\n<p>As investiga\u00e7\u00f5es apuraram fatos ocorridos entre janeiro de 2014 e junho de 2017, durante a gest\u00e3o do ex-governador, resultando em aproximadamente 178 mil p\u00e1ginas, entre f\u00edsicas e digitais.&nbsp;Foram cerca de 52 mil intercepta\u00e7\u00f5es telef\u00f4nicas feitas neste per\u00edodo.<\/p>\n\n\n\n<p>Os demais investigados,&nbsp;<strong>os coron\u00e9is da Pol\u00edcia Militar Zaqueu Barbosa, Evandro Lesco, Airton Siqueira J\u00fanior e o cabo da Pol\u00edcia Militar Gerson Correa J\u00fanior<\/strong>&nbsp;tamb\u00e9m foram absolvidos.<\/p>\n\n\n\n<p>Na \u00e9poca, o&nbsp;<a class=\"\" href=\"https:\/\/g1.globo.com\/mt\/mato-grosso\/noticia\/2021\/03\/22\/ex-governador-ex-secretario-e-4-militares-sao-denunciados-por-esquema-de-grampos-em-mt.ghtml\">Minist\u00e9rio P\u00fablico de Mato Grosso (MPMT) denunciou os suspeitos<\/a>&nbsp;e pediu a condena\u00e7\u00e3o do grupo por pr\u00e1tica de ato de improbidade administrativa com ressarcimento aos cofres p\u00fablicos. A a\u00e7\u00e3o solicitava ainda, o bloqueio de bens dos denunciados em R$ 355,5 mil, bem como a condena\u00e7\u00e3o para pagamento de multa por dano moral coletivo.<\/p>\n\n\n\n<p>A ju\u00edza C\u00e9lia Regina Vidotti julgou a a\u00e7\u00e3o improcedente e afirmou que, embora as condutas dos acusados sejam consideradas graves,&nbsp;n\u00e3o h\u00e1 comprova\u00e7\u00e3o da inten\u00e7\u00e3o em causar danos aos cofres p\u00fablicos.<\/p>\n\n\n\n<p>&#8220;\u00c9 certo que para a configura\u00e7\u00e3o do ato de improbidade administrativa exige-se mais do que mera irregularidade ou ilegalidade; a conduta do agente p\u00fablico deve estar permeada de abuso, m\u00e1-f\u00e9 e com a finalidade espec\u00edfica de tirar proveito para si ou para outrem e deve causar efetivo preju\u00edzo ao bem comum&#8221;, diz trecho da decis\u00e3o.<\/p>\n\n\n\n<h2 class=\"wp-block-heading\">O esquema<\/h2>\n\n\n\n<p>O esquema dos grampos foi&nbsp;<strong>denunciado em uma reportagem do Fant\u00e1stico<\/strong>&nbsp;em maio de 2017. Segundo a den\u00fancia, mais de 100 pessoas tiveram as conversas grampeadas, entre elas, pol\u00edticos de oposi\u00e7\u00e3o ao atual governo estadual, advogados, m\u00e9dicos e jornalistas. Os telefones foram inclu\u00eddos indevidamente em uma investiga\u00e7\u00e3o sobre tr\u00e1fico de drogas.&nbsp;<a class=\"\" href=\"https:\/\/g1.globo.com\/mato-grosso\/noticia\/primo-de-governador-paulo-taques-deixa-comando-da-casa-civil-de-mt.ghtml\">Paulo Taques deixou o governo dias antes do esquema vir \u00e0 tona<\/a>.<\/p>\n\n\n\n<p>Exceto Pedro Taques, todos os suspeitos foram presos durante a opera\u00e7\u00e3o. J\u00e1 o coronel Zaqueu foi o \u00fanico a ser condenado.\u00a0<a class=\"\" href=\"https:\/\/g1.globo.com\/mt\/mato-grosso\/noticia\/2019\/11\/08\/coronel-da-pm-e-condenado-a-oito-anos-de-prisao-por-interceptacoes-clandestinas-em-mt.ghtml\">A 11\u00aa Vara Criminal Especializada da Justi\u00e7a Militar condenou Zaqueu a oito anos de pris\u00e3o<\/a>\u00a0em regime semiaberto.<\/p>\n\n\n\n<h2 class=\"wp-block-heading\">Den\u00fancias do esquema<\/h2>\n\n\n\n<p>O promotor de Justi\u00e7a Mauro Zaque, que comandou a Secretaria de Seguran\u00e7a P\u00fablica em 2015, denunciou o caso \u00e0 Procuradoria-Geral da Rep\u00fablica, afirmando que havia alertado o governador Pedro Taques sobre a exist\u00eancia de um &#8220;escrit\u00f3rio clandestino de espionagem&#8221; por meio de dois of\u00edcios. O primeiro chegou a ser enviado para o MPMT, mas a investiga\u00e7\u00e3o foi arquivada por falta de provas.<\/p>\n\n\n\n<p>O segundo of\u00edcio, que o governador alega nunca ter recebido, foi protocolado na Casa Civil, mas&nbsp;<a class=\"\" href=\"https:\/\/g1.globo.com\/mato-grosso\/noticia\/oficio-que-denunciou-grampos-ao-governador-de-mt-foi-protocolado-e-fraudado-diz-auditoria.ghtml\">cancelado no mesmo dia e substitu\u00eddo por outro<\/a>, conforme apontou auditoria da Controladoria Geral do Estado. Antes do relat\u00f3rio da CGE vir \u00e0 tona, Pedro Taques chegou a entrar com representa\u00e7\u00e3o contra Zaque em institui\u00e7\u00f5es como o Conselho Nacional do Minist\u00e9rio P\u00fablico e a PGR, acusando-o de falsifica\u00e7\u00e3o de documento p\u00fablico.<\/p>\n\n\n\n<p>O pr\u00f3prio Paulo Taques, alegando estar sofrendo amea\u00e7as, pediu \u00e0 Secretaria de Seguran\u00e7a para que fossem investigados um jornalista,&nbsp;<a class=\"\" href=\"https:\/\/g1.globo.com\/mato-grosso\/noticia\/ex-secretario-deu-numeros-de-ex-amante-jornalista-e-servidora-para-serem-interceptados-diz-delegada.ghtml\">uma ex-secret\u00e1ria e uma ex-amante dele<\/a>.<\/p>\n\n\n\n<p>Em depoimento encaminhado \u00e0 PGR, o ex-secret\u00e1rio Mauro Zaque afirmou que, em 2015, \u00e9poca em que ainda estava no governo, ouviu o coronel Zaqueu Barbosa, comandante da PM \u00e0 \u00e9poca, dizer que as intercepta\u00e7\u00f5es telef\u00f4nicas eram feitas por determina\u00e7\u00e3o de Pedro Taques. Zaque alega ainda que levou o assunto ao governador, que ficou constrangido, mas n\u00e3o fez nenhum coment\u00e1rio.<\/p>\n\n\n\n<p>g1-MT<\/p>\n","protected":false},"excerpt":{"rendered":"<p>A Justi\u00e7a de Mato Grosso absolveu, nessa quinta-feira (3), o ex-governador do estado Pedro Taques e o primo dele, o ex-secret\u00e1rio da Casa Civil Paulo Taques, acusados de envolvimento no suposto esquema de intercepta\u00e7\u00f5es clandestinas que se tornou conhecida como&nbsp;&#8216;Grampol\u00e2ndia Pantaneira&#8217;. As investiga\u00e7\u00f5es apuraram fatos ocorridos entre janeiro de 2014 e junho de 2017, durante [&hellip;]<\/p>\n","protected":false},"author":2,"featured_media":10858,"comment_status":"closed","ping_status":"closed","sticky":false,"template":"","format":"standard","meta":{"_monsterinsights_skip_tracking":false,"_monsterinsights_sitenote_active":false,"_monsterinsights_sitenote_note":"","_monsterinsights_sitenote_category":0,"footnotes":""},"categories":[1],"tags":[],"_links":{"self":[{"href":"https:\/\/nazarenonews.com.br\/index.php\/wp-json\/wp\/v2\/posts\/10857"}],"collection":[{"href":"https:\/\/nazarenonews.com.br\/index.php\/wp-json\/wp\/v2\/posts"}],"about":[{"href":"https:\/\/nazarenonews.com.br\/index.php\/wp-json\/wp\/v2\/types\/post"}],"author":[{"embeddable":true,"href":"https:\/\/nazarenonews.com.br\/index.php\/wp-json\/wp\/v2\/users\/2"}],"replies":[{"embeddable":true,"href":"https:\/\/nazarenonews.com.br\/index.php\/wp-json\/wp\/v2\/comments?post=10857"}],"version-history":[{"count":1,"href":"https:\/\/nazarenonews.com.br\/index.php\/wp-json\/wp\/v2\/posts\/10857\/revisions"}],"predecessor-version":[{"id":10859,"href":"https:\/\/nazarenonews.com.br\/index.php\/wp-json\/wp\/v2\/posts\/10857\/revisions\/10859"}],"wp:featuredmedia":[{"embeddable":true,"href":"https:\/\/nazarenonews.com.br\/index.php\/wp-json\/wp\/v2\/media\/10858"}],"wp:attachment":[{"href":"https:\/\/nazarenonews.com.br\/index.php\/wp-json\/wp\/v2\/media?parent=10857"}],"wp:term":[{"taxonomy":"category","embeddable":true,"href":"https:\/\/nazarenonews.com.br\/index.php\/wp-json\/wp\/v2\/categories?post=10857"},{"taxonomy":"post_tag","embeddable":true,"href":"https:\/\/nazarenonews.com.br\/index.php\/wp-json\/wp\/v2\/tags?post=10857"}],"curies":[{"name":"wp","href":"https:\/\/api.w.org\/{rel}","templated":true}]}}