{"id":10854,"date":"2025-04-05T07:53:19","date_gmt":"2025-04-05T11:53:19","guid":{"rendered":"https:\/\/nazarenonews.com.br\/?p=10854"},"modified":"2025-04-05T07:53:19","modified_gmt":"2025-04-05T11:53:19","slug":"membros-de-faccao-sao-condenados-a-18-anos-de-prisao-pela-morte-de-jovem-que-era-torturada-e-ameacada-em-mt","status":"publish","type":"post","link":"https:\/\/nazarenonews.com.br\/index.php\/2025\/04\/05\/membros-de-faccao-sao-condenados-a-18-anos-de-prisao-pela-morte-de-jovem-que-era-torturada-e-ameacada-em-mt\/","title":{"rendered":"Membros de fac\u00e7\u00e3o s\u00e3o condenados a 18 anos de pris\u00e3o pela morte de jovem que era torturada e amea\u00e7ada em MT"},"content":{"rendered":"\n<p>A Justi\u00e7a de Mato Grosso condenou\u00a0<strong>Luan Souza Lopes e Mikael Custodio de Jesus<\/strong>\u00a0a 18 anos e seis meses de pris\u00e3o pela\u00a0<a class=\"\" href=\"https:\/\/g1.globo.com\/mt\/mato-grosso\/noticia\/2024\/02\/24\/quadrilha-investigada-por-morte-de-jovem-e-presa-durante-operacao-em-municipio-de-mt.ghtml\">morte de Vit\u00f3ria R\u00e9gia Pereira de Santana, de 21 anos<\/a>, em\u00a0<a class=\"\" href=\"https:\/\/g1.globo.com\/mt\/mato-grosso\/cidade\/cocalinho\/\">Cocalinho<\/a>, a 765 km de Cuiab\u00e1, em fevereiro do ano passado. A decis\u00e3o \u00e9 de ter\u00e7a-feira (1\u00ba) e foi divulgada nesta sexta-feira (4).<\/p>\n\n\n\n<p>Os dois r\u00e9us ainda foram condenados ao pagamento de 15 dias-multa cada.&nbsp;Um terceiro indiciado pela Pol\u00edcia Civil foi inocentado&nbsp;pela ju\u00edza Silvana Fleury Curado.<\/p>\n\n\n\n<p>Na \u00e9poca, a Pol\u00edcia Civil realizou a Opera\u00e7\u00e3o Tribunal Paralelo, respons\u00e1vel pela investiga\u00e7\u00e3o do caso, que cumpriu 10 ordens judiciais contra os investigados pelo homic\u00eddio de Vit\u00f3ria, sendo cinco mandados de busca e apreens\u00e3o, quatro de pris\u00f5es tempor\u00e1rias e um de interna\u00e7\u00e3o provis\u00f3ria de uma adolescente.<\/p>\n\n\n\n<p>O grupo investigado responde pelos crimes de\u00a0<strong>homic\u00eddio qualificado, tortura, corrup\u00e7\u00e3o de menores e por integrarem organiza\u00e7\u00e3o criminosa<\/strong>.<\/p>\n\n\n\n<p>Relembre o caso<\/p>\n\n\n\n<p>Vit\u00f3ria foi executada com tr\u00eas tiros ap\u00f3s ser atra\u00edda at\u00e9 o local para fazer uso de drogas. Duas semanas antes de ser morta, a v\u00edtima havia procurado a delegacia, pois j\u00e1 tinha sofrido diversos castigos f\u00edsicos dos suspeitos que s\u00e3o integrantes de uma fac\u00e7\u00e3o criminosa.<\/p>\n\n\n\n<p>Segundo a pol\u00edcia, Vit\u00f3ria teve a morte \u2018decretada\u2019 pelo grupo criminoso e relatou na delegacia quem seriam os respons\u00e1veis pelos castigos.<\/p>\n\n\n\n<p>Diante da gravidade do caso, a equipe policial encaminhou a v\u00edtima para exames. Na sequ\u00eancia, com apoio da assist\u00eancia social do munic\u00edpio, foi entregue uma passagem de \u00f4nibus para retirar a v\u00edtima da cidade. No dia 8 de fevereiro, antes da viagem, a Pol\u00edcia Civil foi comunicada sobre a morte da jovem.<\/p>\n\n\n\n<p>g1-MT<\/p>\n","protected":false},"excerpt":{"rendered":"<p>A Justi\u00e7a de Mato Grosso condenou\u00a0Luan Souza Lopes e Mikael Custodio de Jesus\u00a0a 18 anos e seis meses de pris\u00e3o pela\u00a0morte de Vit\u00f3ria R\u00e9gia Pereira de Santana, de 21 anos, em\u00a0Cocalinho, a 765 km de Cuiab\u00e1, em fevereiro do ano passado. A decis\u00e3o \u00e9 de ter\u00e7a-feira (1\u00ba) e foi divulgada nesta sexta-feira (4). Os dois [&hellip;]<\/p>\n","protected":false},"author":2,"featured_media":10855,"comment_status":"closed","ping_status":"closed","sticky":false,"template":"","format":"standard","meta":{"_monsterinsights_skip_tracking":false,"_monsterinsights_sitenote_active":false,"_monsterinsights_sitenote_note":"","_monsterinsights_sitenote_category":0,"footnotes":""},"categories":[1],"tags":[],"_links":{"self":[{"href":"https:\/\/nazarenonews.com.br\/index.php\/wp-json\/wp\/v2\/posts\/10854"}],"collection":[{"href":"https:\/\/nazarenonews.com.br\/index.php\/wp-json\/wp\/v2\/posts"}],"about":[{"href":"https:\/\/nazarenonews.com.br\/index.php\/wp-json\/wp\/v2\/types\/post"}],"author":[{"embeddable":true,"href":"https:\/\/nazarenonews.com.br\/index.php\/wp-json\/wp\/v2\/users\/2"}],"replies":[{"embeddable":true,"href":"https:\/\/nazarenonews.com.br\/index.php\/wp-json\/wp\/v2\/comments?post=10854"}],"version-history":[{"count":1,"href":"https:\/\/nazarenonews.com.br\/index.php\/wp-json\/wp\/v2\/posts\/10854\/revisions"}],"predecessor-version":[{"id":10856,"href":"https:\/\/nazarenonews.com.br\/index.php\/wp-json\/wp\/v2\/posts\/10854\/revisions\/10856"}],"wp:featuredmedia":[{"embeddable":true,"href":"https:\/\/nazarenonews.com.br\/index.php\/wp-json\/wp\/v2\/media\/10855"}],"wp:attachment":[{"href":"https:\/\/nazarenonews.com.br\/index.php\/wp-json\/wp\/v2\/media?parent=10854"}],"wp:term":[{"taxonomy":"category","embeddable":true,"href":"https:\/\/nazarenonews.com.br\/index.php\/wp-json\/wp\/v2\/categories?post=10854"},{"taxonomy":"post_tag","embeddable":true,"href":"https:\/\/nazarenonews.com.br\/index.php\/wp-json\/wp\/v2\/tags?post=10854"}],"curies":[{"name":"wp","href":"https:\/\/api.w.org\/{rel}","templated":true}]}}