{"id":1085,"date":"2024-06-29T09:29:34","date_gmt":"2024-06-29T13:29:34","guid":{"rendered":"https:\/\/nazarenonews.com.br\/?p=1085"},"modified":"2024-06-29T09:29:35","modified_gmt":"2024-06-29T13:29:35","slug":"previsao-do-tempo-sabado-29-com-alerta-para-baixa-umidade-e-declinio-de-temperaturas-no-centro-oeste","status":"publish","type":"post","link":"https:\/\/nazarenonews.com.br\/index.php\/2024\/06\/29\/previsao-do-tempo-sabado-29-com-alerta-para-baixa-umidade-e-declinio-de-temperaturas-no-centro-oeste\/","title":{"rendered":"PREVIS\u00c3O DO TEMPO: s\u00e1bado (29) com alerta para baixa umidade e decl\u00ednio de temperaturas no Centro-Oeste"},"content":{"rendered":"\n<p>S\u00e1bado (29) com n\u00e9voa seca e sem chuvas no Centro-Oeste.&nbsp;<\/p>\n\n\n\n<p><strong>Avisos meteorol\u00f3gicos<\/strong><\/p>\n\n\n\n<p>O Instituto Nacional de Meteorologia (Inmet) alerta para perigo potencial de baixa umidade no Distrito Federal, Goi\u00e1s, Mato Grosso e Mato Grosso do Sul, atingindo cidades como Bras\u00edlia (DF), An\u00e1polis (GO), Cuiab\u00e1 (MT) e Tr\u00eas Lagoas (MS).<\/p>\n\n\n\n<p>Tamb\u00e9m h\u00e1 alerta para perigo potencial de decl\u00ednio de temperaturas no Mato Grosso do Sul, atingindo cidades como Bonito e Corumb\u00e1.<\/p>\n\n\n\n<p><strong>Confira agora a previs\u00e3o do tempo na sua unidade da federa\u00e7\u00e3o:&nbsp;<\/strong><\/p>\n\n\n\n<p><strong>Distrito Federal<\/strong><\/p>\n\n\n\n<p>A previs\u00e3o para este s\u00e1bado (29) \u00e9 de tempo claro em todo o Distrito Federal.<\/p>\n\n\n\n<p><strong>Goi\u00e1s<\/strong><\/p>\n\n\n\n<p>A previs\u00e3o para esse s\u00e1bado (29) \u00e9 de tempo aberto e com poucas nuvens em todo o estado de Goi\u00e1s.<\/p>\n\n\n\n<p><strong>Mato Grosso<\/strong><\/p>\n\n\n\n<p>O dia come\u00e7a com tempo encoberto apenas em Apiac\u00e1s, sudoeste, centro-sul e sudeste mato-grossense. Poucas nuvens nas demais regi\u00f5es do estado. Durante a tarde, poucas nuvens em todo o Mato Grosso. \u00c0 noite, tempo encoberto apenas nas microrregi\u00f5es de Aripuan\u00e3, Alta Floresta, Parecis, Alto Guapor\u00e9, Jauru e Alto Pantanal.&nbsp;<\/p>\n\n\n\n<p><strong>Mato Grosso do Sul<\/strong><\/p>\n\n\n\n<p>Durante a manh\u00e3 e \u00e0 tarde, a previs\u00e3o \u00e9 de possibilidade de chuva nos pantanais e sudoeste de Mato Grosso do Sul. \u00c0 noite, h\u00e1 possibilidade de chuva nos pantanais e microrregi\u00f5es de Bodoquena, Dourados, Tr\u00eas Lagoas, Nova Andradina e Campo Grande.&nbsp;<\/p>\n\n\n\n<p><strong>Temperatura m\u00ednima e m\u00e1xima na regi\u00e3o<\/strong><\/p>\n\n\n\n<p>A temperatura m\u00ednima fica em torno de 12\u00b0C, em Bras\u00edlia, no Distrito Federal \u2014 e a m\u00e1xima prevista \u00e9 de 37\u00baC, na cidade de Colniza, no Mato Grosso. A umidade relativa do ar varia entre 25% e 80%.<\/p>\n\n\n\n<p>As informa\u00e7\u00f5es s\u00e3o do Instituto Nacional de Meteorologia.<\/p>\n\n\n\n<p>Fonte: <a href=\"https:\/\/brasil61.com\/n\/previsao-do-tempo-sabado-29-com-alerta-para-baixa-umidade-e-declinio-de-temperaturas-no-centro-oeste-ptco243626\" target=\"_blank\" rel=\"noreferrer noopener\">Brasil 61<\/a><\/p>\n","protected":false},"excerpt":{"rendered":"<p>S\u00e1bado (29) com n\u00e9voa seca e sem chuvas no Centro-Oeste.&nbsp; Avisos meteorol\u00f3gicos O Instituto Nacional de Meteorologia (Inmet) alerta para perigo potencial de baixa umidade no Distrito Federal, Goi\u00e1s, Mato Grosso e Mato Grosso do Sul, atingindo cidades como Bras\u00edlia (DF), An\u00e1polis (GO), Cuiab\u00e1 (MT) e Tr\u00eas Lagoas (MS). Tamb\u00e9m h\u00e1 alerta para perigo potencial [&hellip;]<\/p>\n","protected":false},"author":2,"featured_media":933,"comment_status":"closed","ping_status":"closed","sticky":false,"template":"","format":"standard","meta":{"_monsterinsights_skip_tracking":false,"_monsterinsights_sitenote_active":false,"_monsterinsights_sitenote_note":"","_monsterinsights_sitenote_category":0,"footnotes":""},"categories":[52],"tags":[],"_links":{"self":[{"href":"https:\/\/nazarenonews.com.br\/index.php\/wp-json\/wp\/v2\/posts\/1085"}],"collection":[{"href":"https:\/\/nazarenonews.com.br\/index.php\/wp-json\/wp\/v2\/posts"}],"about":[{"href":"https:\/\/nazarenonews.com.br\/index.php\/wp-json\/wp\/v2\/types\/post"}],"author":[{"embeddable":true,"href":"https:\/\/nazarenonews.com.br\/index.php\/wp-json\/wp\/v2\/users\/2"}],"replies":[{"embeddable":true,"href":"https:\/\/nazarenonews.com.br\/index.php\/wp-json\/wp\/v2\/comments?post=1085"}],"version-history":[{"count":1,"href":"https:\/\/nazarenonews.com.br\/index.php\/wp-json\/wp\/v2\/posts\/1085\/revisions"}],"predecessor-version":[{"id":1086,"href":"https:\/\/nazarenonews.com.br\/index.php\/wp-json\/wp\/v2\/posts\/1085\/revisions\/1086"}],"wp:featuredmedia":[{"embeddable":true,"href":"https:\/\/nazarenonews.com.br\/index.php\/wp-json\/wp\/v2\/media\/933"}],"wp:attachment":[{"href":"https:\/\/nazarenonews.com.br\/index.php\/wp-json\/wp\/v2\/media?parent=1085"}],"wp:term":[{"taxonomy":"category","embeddable":true,"href":"https:\/\/nazarenonews.com.br\/index.php\/wp-json\/wp\/v2\/categories?post=1085"},{"taxonomy":"post_tag","embeddable":true,"href":"https:\/\/nazarenonews.com.br\/index.php\/wp-json\/wp\/v2\/tags?post=1085"}],"curies":[{"name":"wp","href":"https:\/\/api.w.org\/{rel}","templated":true}]}}