{"id":1077,"date":"2024-06-28T18:01:18","date_gmt":"2024-06-28T22:01:18","guid":{"rendered":"https:\/\/nazarenonews.com.br\/?p=1077"},"modified":"2024-06-28T18:01:19","modified_gmt":"2024-06-28T22:01:19","slug":"fim-da-greve-no-ifmt-veja-retorno-as-aulas-de-cada-campus","status":"publish","type":"post","link":"https:\/\/nazarenonews.com.br\/index.php\/2024\/06\/28\/fim-da-greve-no-ifmt-veja-retorno-as-aulas-de-cada-campus\/","title":{"rendered":"Fim da greve no IFMT: veja retorno \u00e0s aulas de cada campus"},"content":{"rendered":"\n<p>Os representantes do Sindicato Nacional dos Docentes das Institui\u00e7\u00f5es de Ensino Superior (ANDES-SN) e da Rede Federal de Educa\u00e7\u00e3o Profissional, Cient\u00edfica e Tecnol\u00f3gica\u00a0<strong>assinaram um acordo com o governo, nesta quinta-feira (27), e encerraram a greve que teve in\u00edcio em abril.<\/strong><\/p>\n\n\n\n<p>Desde o dia 3 de abril,&nbsp;<a class=\"\" href=\"https:\/\/g1.globo.com\/mt\/mato-grosso\/noticia\/2024\/05\/27\/mais-de-46-mil-estudantes-da-ufmt-e-do-ifmt-ja-foram-afetados-desde-anuncio-de-greve.ghtml\">os funcion\u00e1rios t\u00e9cnico-administrativos de 14 c\u00e2mpus do IFMT mobilizaram a greve por tempo indeterminado<\/a>. J\u00e1 a paralisa\u00e7\u00e3o entre os docentes&nbsp;<a class=\"\" href=\"https:\/\/g1.globo.com\/mt\/mato-grosso\/noticia\/2024\/05\/17\/professores-aprovam-greve-na-ufmt-por-tempo-indeterminado.ghtml\">dos institutos e UFMT come\u00e7ou depois, no dia 17 de maio.<\/a><\/p>\n\n\n\n<p>As unidades que encerraram o movimento&nbsp;devem retornar em datas diferentes.&nbsp;<strong>Confira a lista dos munic\u00edpios abaixo:<\/strong><\/p>\n\n\n\n<h2 class=\"wp-block-heading\"><strong>01\/07<\/strong><\/h2>\n\n\n\n<ul>\n<li>Campus\u00a0<a class=\"\" href=\"https:\/\/g1.globo.com\/mt\/mato-grosso\/cidade\/cuiaba\/\">Cuiab\u00e1<\/a>\u00a0Bela Vista<\/li>\n\n\n\n<li>Campus\u00a0<a class=\"\" href=\"https:\/\/g1.globo.com\/mt\/mato-grosso\/cidade\/varzea-grande-mt\/\">V\u00e1rzea Grande<\/a><\/li>\n\n\n\n<li>Campus Avan\u00e7ado\u00a0<a class=\"\" href=\"https:\/\/g1.globo.com\/mt\/mato-grosso\/cidade\/lucas-do-rio-verde\/\">Lucas do Rio Verde<\/a><\/li>\n\n\n\n<li>Campus\u00a0<a class=\"\" href=\"https:\/\/g1.globo.com\/mt\/mato-grosso\/cidade\/juina\/\">Ju\u00edna<\/a><\/li>\n\n\n\n<li>Campus\u00a0<a class=\"\" href=\"https:\/\/g1.globo.com\/mt\/mato-grosso\/cidade\/campo-novo-do-parecis\/\">Campo Novo do Parecis<\/a><\/li>\n\n\n\n<li>Campus\u00a0<a class=\"\" href=\"https:\/\/g1.globo.com\/mt\/mato-grosso\/cidade\/pontes-e-lacerda\/\">Pontes e Lacerda<\/a><\/li>\n\n\n\n<li>Campus Avan\u00e7ado Lucas do Rio Verde<\/li>\n\n\n\n<li>Campus Cuiab\u00e1 Octayde Jorge da Silva<\/li>\n\n\n\n<li>Campus Cac\u00e9res<\/li>\n\n\n\n<li>Campus S\u00e3o Vicente, em\u00a0<a class=\"\" href=\"https:\/\/g1.globo.com\/mt\/mato-grosso\/cidade\/campo-verde\/\">Campo Verde<\/a><\/li>\n<\/ul>\n\n\n\n<h2 class=\"wp-block-heading\"><strong>02\/07<\/strong><\/h2>\n\n\n\n<ul>\n<li>Campus\u00a0<a class=\"\" href=\"https:\/\/g1.globo.com\/mt\/mato-grosso\/cidade\/primavera-do-leste\/\">Primavera do Leste<\/a><\/li>\n\n\n\n<li>Campus\u00a0<a class=\"\" href=\"https:\/\/g1.globo.com\/mt\/mato-grosso\/cidade\/sorriso\/\">Sorriso<\/a><\/li>\n<\/ul>\n\n\n\n<p>Ap\u00f3s 74 dias da greve docente, as aulas nas unidades do\u00a0<a class=\"\" href=\"https:\/\/g1.globo.com\/mt\/mato-grosso\/noticia\/2024\/06\/24\/aulas-em-2-campi-do-ifmt-retomam-nesta-segunda-feira-24.ghtml\">IFMT em Barra do Gar\u00e7as, Rondon\u00f3polis, e Tangar\u00e1 da Serra<\/a>, retomaram as aulas na segunda-feira (24).<\/p>\n\n\n\n<p>Ap\u00f3s 30 dias em greve, os professores da&nbsp;<a class=\"\" href=\"https:\/\/g1.globo.com\/mt\/mato-grosso\/noticia\/2024\/06\/27\/professores-da-ufr-retornam-as-aulas-e-ufmt-marca-reuniao-para-avaliar-encerramento-de-greve.ghtml\">Universidade Federal de Rondon\u00f3polis (UFR) tamb\u00e9m devem retornar \u00e0s aulas na pr\u00f3xima segunda-feira (1\u00b0<\/a>). De acordo com a universidade, n\u00e3o houve sinaliza\u00e7\u00e3o oficial sobre o fim da greve por parte dos t\u00e9cnicos-administrativos, que devem seguir com as atividades suspensas.<\/p>\n\n\n\n<p>J\u00e1 o Sindicato dos Trabalhadores T\u00e9cnico-Administrativos em Educa\u00e7\u00e3o da Universidade Federal de Mato Grosso (UFMT), aprovou o termo de acordo proposto pelo Governo Federal, mas marcou uma nova assembleia, tamb\u00e9m na segunda-feira, para uma avalia\u00e7\u00e3o final da greve.<\/p>\n\n\n\n<p>Nazarenonews\/G1-MT <em>*Sob supervis\u00e3o de Kessilen Lopes<\/em><\/p>\n","protected":false},"excerpt":{"rendered":"<p>Os representantes do Sindicato Nacional dos Docentes das Institui\u00e7\u00f5es de Ensino Superior (ANDES-SN) e da Rede Federal de Educa\u00e7\u00e3o Profissional, Cient\u00edfica e Tecnol\u00f3gica\u00a0assinaram um acordo com o governo, nesta quinta-feira (27), e encerraram a greve que teve in\u00edcio em abril. Desde o dia 3 de abril,&nbsp;os funcion\u00e1rios t\u00e9cnico-administrativos de 14 c\u00e2mpus do IFMT mobilizaram a [&hellip;]<\/p>\n","protected":false},"author":2,"featured_media":1078,"comment_status":"closed","ping_status":"closed","sticky":false,"template":"","format":"standard","meta":{"_monsterinsights_skip_tracking":false,"_monsterinsights_sitenote_active":false,"_monsterinsights_sitenote_note":"","_monsterinsights_sitenote_category":0,"footnotes":""},"categories":[37,1],"tags":[],"_links":{"self":[{"href":"https:\/\/nazarenonews.com.br\/index.php\/wp-json\/wp\/v2\/posts\/1077"}],"collection":[{"href":"https:\/\/nazarenonews.com.br\/index.php\/wp-json\/wp\/v2\/posts"}],"about":[{"href":"https:\/\/nazarenonews.com.br\/index.php\/wp-json\/wp\/v2\/types\/post"}],"author":[{"embeddable":true,"href":"https:\/\/nazarenonews.com.br\/index.php\/wp-json\/wp\/v2\/users\/2"}],"replies":[{"embeddable":true,"href":"https:\/\/nazarenonews.com.br\/index.php\/wp-json\/wp\/v2\/comments?post=1077"}],"version-history":[{"count":1,"href":"https:\/\/nazarenonews.com.br\/index.php\/wp-json\/wp\/v2\/posts\/1077\/revisions"}],"predecessor-version":[{"id":1079,"href":"https:\/\/nazarenonews.com.br\/index.php\/wp-json\/wp\/v2\/posts\/1077\/revisions\/1079"}],"wp:featuredmedia":[{"embeddable":true,"href":"https:\/\/nazarenonews.com.br\/index.php\/wp-json\/wp\/v2\/media\/1078"}],"wp:attachment":[{"href":"https:\/\/nazarenonews.com.br\/index.php\/wp-json\/wp\/v2\/media?parent=1077"}],"wp:term":[{"taxonomy":"category","embeddable":true,"href":"https:\/\/nazarenonews.com.br\/index.php\/wp-json\/wp\/v2\/categories?post=1077"},{"taxonomy":"post_tag","embeddable":true,"href":"https:\/\/nazarenonews.com.br\/index.php\/wp-json\/wp\/v2\/tags?post=1077"}],"curies":[{"name":"wp","href":"https:\/\/api.w.org\/{rel}","templated":true}]}}