{"id":1060,"date":"2024-06-28T08:56:03","date_gmt":"2024-06-28T12:56:03","guid":{"rendered":"https:\/\/nazarenonews.com.br\/?p=1060"},"modified":"2024-06-28T08:56:03","modified_gmt":"2024-06-28T12:56:03","slug":"dona-de-creche-e-funcionaria-se-tornam-res-por-morte-de-bebe-em-varzea-grande","status":"publish","type":"post","link":"https:\/\/nazarenonews.com.br\/index.php\/2024\/06\/28\/dona-de-creche-e-funcionaria-se-tornam-res-por-morte-de-bebe-em-varzea-grande\/","title":{"rendered":"Dona de creche e funcion\u00e1ria se tornam r\u00e9s por morte de beb\u00ea em V\u00e1rzea Grande"},"content":{"rendered":"\n<p>O juiz Abel Balbino Guimar\u00e3es, da 4\u00aa Vara Criminal de V\u00e1rzea Grande, aceitou a den\u00fancia do Minist\u00e9rio P\u00fablico de Mato Grosso (MPMT) e tornou r\u00e9s a dona da creche Espa\u00e7o Crian\u00e7a Feliz, Hannah Claudia Figueiredo, e a funcion\u00e1ria do local, Lohaine Cristina Santana Figueiredo, pela morte do menino Vicente Camargo, de 5 meses, ocorrida em abril deste ano.<\/p>\n\n\n\n<p>As duas ser\u00e3o julgadas pelo crime de homic\u00eddio culposo, quando n\u00e3o h\u00e1 inten\u00e7\u00e3o de matar, e omiss\u00e3o de socorro com resultado de morte. Conforme o inqu\u00e9rito policial, Vicente morreu de forma acidental, durante uma tentativa de reanima\u00e7\u00e3o feita por uma das propriet\u00e1rias.<\/p>\n\n\n\n<p><em><strong>&#8220;Recebo a den\u00fancia datada de 20\/06\/2024 (id. 159682310) em desfavor das r\u00e9s Hannah Claudia Figueiredo e Lohaine Cristina Santana Figueiredo, qualificadas nos autos, a qual imputa-lhes a pr\u00e1tica do crime descrito no art. 121, \u00a7 3.\u00ba, nas circunst\u00e2ncias do art. 13, \u00a7 2.\u00ba, \u201cb\u201d e \u201cc\u201d, todos do C\u00f3digo Penal, pois cont\u00e9m as exposi\u00e7\u00f5es necess\u00e1rias, conforme disp\u00f5e o art. 41 do CPP&#8221;<\/strong><\/em>, diz a decis\u00e3o.<\/p>\n\n\n\n<p>Em sua decis\u00e3o, o magistrado destaca que a materialidade ficou demonstrada no inqu\u00e9rito policial conduzido pela Delegacia Especializada em Homic\u00eddio e Prote\u00e7\u00e3o \u00e0 Pessoa (DHPP).&nbsp;<em><strong>\u201cNeste sentido, a materialidade est\u00e1 comprovada e h\u00e1 ind\u00edcios de autoria\u201d<\/strong><\/em>, destacou.<\/p>\n\n\n\n<p>Conforme o que estabelece o C\u00f3digo de Processo Penal, as duas r\u00e9s dever\u00e3o apresentar defesa dentro de 10 dias. Tamb\u00e9m foi marcada uma audi\u00eancia de instru\u00e7\u00e3o para o dia 9 de agosto, \u00e0s 14h, de forma h\u00edbrida. A decis\u00e3o \u00e9 datada da \u00faltima quarta-feira (26).<\/p>\n\n\n\n<p>Vicente morreu no dia 17 de abril. Conforme a Pol\u00edcia Civil, o traumatismo craniano que vitimou o beb\u00ea ocorreu quando a dona da creche bateu a cabe\u00e7a dele acidentalmente, enquanto tentavam supostamente desengasg\u00e1-lo.<\/p>\n\n\n\n<p>Vicente chegou a ser levado para um hospital, mas n\u00e3o resistiu. Em entrevista ao&nbsp;<em><strong>Rep\u00f3rterMT<\/strong><\/em>, o delegado Marlon Luz, respons\u00e1vel pela investiga\u00e7\u00e3o, disse que a creche Espa\u00e7o Crian\u00e7a Feliz j\u00e1 tinha um hist\u00f3rico de agress\u00e3o e maus-tratos contra crian\u00e7as.<\/p>\n\n\n\n<p><em><strong>\u201cA investiga\u00e7\u00e3o conseguiu confirmar que a creche praticava alguns comportamentos de maus-tratos contra outras crian\u00e7as\u201d<\/strong><\/em>, afirmou o delegado.<\/p>\n\n\n\n<p>O estabelecimento n\u00e3o tinha os alvar\u00e1s de funcionamento e nem c\u00e2meras de monitoramento.<\/p>\n\n\n\n<p>Veja abaixo a \u00edntegra da entrevista do delegado Marlon Luz, feita logo ap\u00f3s a conclus\u00e3o do inqu\u00e9rito policial.<\/p>\n\n\n\n<p>Nazarenonews\/ReporterMT<\/p>\n","protected":false},"excerpt":{"rendered":"<p>O juiz Abel Balbino Guimar\u00e3es, da 4\u00aa Vara Criminal de V\u00e1rzea Grande, aceitou a den\u00fancia do Minist\u00e9rio P\u00fablico de Mato Grosso (MPMT) e tornou r\u00e9s a dona da creche Espa\u00e7o Crian\u00e7a Feliz, Hannah Claudia Figueiredo, e a funcion\u00e1ria do local, Lohaine Cristina Santana Figueiredo, pela morte do menino Vicente Camargo, de 5 meses, ocorrida em [&hellip;]<\/p>\n","protected":false},"author":2,"featured_media":1061,"comment_status":"closed","ping_status":"closed","sticky":false,"template":"","format":"standard","meta":{"_monsterinsights_skip_tracking":false,"_monsterinsights_sitenote_active":false,"_monsterinsights_sitenote_note":"","_monsterinsights_sitenote_category":0,"footnotes":""},"categories":[36,1],"tags":[],"_links":{"self":[{"href":"https:\/\/nazarenonews.com.br\/index.php\/wp-json\/wp\/v2\/posts\/1060"}],"collection":[{"href":"https:\/\/nazarenonews.com.br\/index.php\/wp-json\/wp\/v2\/posts"}],"about":[{"href":"https:\/\/nazarenonews.com.br\/index.php\/wp-json\/wp\/v2\/types\/post"}],"author":[{"embeddable":true,"href":"https:\/\/nazarenonews.com.br\/index.php\/wp-json\/wp\/v2\/users\/2"}],"replies":[{"embeddable":true,"href":"https:\/\/nazarenonews.com.br\/index.php\/wp-json\/wp\/v2\/comments?post=1060"}],"version-history":[{"count":1,"href":"https:\/\/nazarenonews.com.br\/index.php\/wp-json\/wp\/v2\/posts\/1060\/revisions"}],"predecessor-version":[{"id":1062,"href":"https:\/\/nazarenonews.com.br\/index.php\/wp-json\/wp\/v2\/posts\/1060\/revisions\/1062"}],"wp:featuredmedia":[{"embeddable":true,"href":"https:\/\/nazarenonews.com.br\/index.php\/wp-json\/wp\/v2\/media\/1061"}],"wp:attachment":[{"href":"https:\/\/nazarenonews.com.br\/index.php\/wp-json\/wp\/v2\/media?parent=1060"}],"wp:term":[{"taxonomy":"category","embeddable":true,"href":"https:\/\/nazarenonews.com.br\/index.php\/wp-json\/wp\/v2\/categories?post=1060"},{"taxonomy":"post_tag","embeddable":true,"href":"https:\/\/nazarenonews.com.br\/index.php\/wp-json\/wp\/v2\/tags?post=1060"}],"curies":[{"name":"wp","href":"https:\/\/api.w.org\/{rel}","templated":true}]}}