{"id":1009,"date":"2024-06-26T08:52:10","date_gmt":"2024-06-26T12:52:10","guid":{"rendered":"https:\/\/nazarenonews.com.br\/?p=1009"},"modified":"2024-06-26T08:52:11","modified_gmt":"2024-06-26T12:52:11","slug":"menino-de-6-anos-morre-atropelado-por-onibus-escolar","status":"publish","type":"post","link":"https:\/\/nazarenonews.com.br\/index.php\/2024\/06\/26\/menino-de-6-anos-morre-atropelado-por-onibus-escolar\/","title":{"rendered":"Menino de 6 anos morre atropelado por \u00f4nibus escolar"},"content":{"rendered":"\n<p>Uma crian\u00e7a de seis anos morreu atropelada por um \u00f4nibus escolar, na tarde desta segunda-feira (25) em Sinop (497 km de Cuiab\u00e1). A v\u00edtima era aluna da escola municipal Marizete Weber.<\/p>\n\n\n\n<p>De acordo com informa\u00e7\u00f5es preliminares, a v\u00edtima estava no \u00f4nibus de transporte, quando desceu em uma parada pr\u00f3xima de casa. O motorista ao arrancar com o ve\u00edculo, acabou acertando a crian\u00e7a.<\/p>\n\n\n\n<p>Uma equipe do Corpo de Bombeiros foi acionada e constatou o \u00f3bito ainda no local.&nbsp;<\/p>\n\n\n\n<p>As autoridades competentes da Pol\u00edcia Civil e Politec deram in\u00edcio aos trabalhos investigativos.<\/p>\n\n\n\n<p>Nazarenonews\/ReporterMT<\/p>\n","protected":false},"excerpt":{"rendered":"<p>Uma crian\u00e7a de seis anos morreu atropelada por um \u00f4nibus escolar, na tarde desta segunda-feira (25) em Sinop (497 km de Cuiab\u00e1). A v\u00edtima era aluna da escola municipal Marizete Weber. De acordo com informa\u00e7\u00f5es preliminares, a v\u00edtima estava no \u00f4nibus de transporte, quando desceu em uma parada pr\u00f3xima de casa. O motorista ao arrancar [&hellip;]<\/p>\n","protected":false},"author":2,"featured_media":1010,"comment_status":"closed","ping_status":"closed","sticky":false,"template":"","format":"standard","meta":{"_monsterinsights_skip_tracking":false,"_monsterinsights_sitenote_active":false,"_monsterinsights_sitenote_note":"","_monsterinsights_sitenote_category":0,"footnotes":""},"categories":[1],"tags":[],"_links":{"self":[{"href":"https:\/\/nazarenonews.com.br\/index.php\/wp-json\/wp\/v2\/posts\/1009"}],"collection":[{"href":"https:\/\/nazarenonews.com.br\/index.php\/wp-json\/wp\/v2\/posts"}],"about":[{"href":"https:\/\/nazarenonews.com.br\/index.php\/wp-json\/wp\/v2\/types\/post"}],"author":[{"embeddable":true,"href":"https:\/\/nazarenonews.com.br\/index.php\/wp-json\/wp\/v2\/users\/2"}],"replies":[{"embeddable":true,"href":"https:\/\/nazarenonews.com.br\/index.php\/wp-json\/wp\/v2\/comments?post=1009"}],"version-history":[{"count":1,"href":"https:\/\/nazarenonews.com.br\/index.php\/wp-json\/wp\/v2\/posts\/1009\/revisions"}],"predecessor-version":[{"id":1011,"href":"https:\/\/nazarenonews.com.br\/index.php\/wp-json\/wp\/v2\/posts\/1009\/revisions\/1011"}],"wp:featuredmedia":[{"embeddable":true,"href":"https:\/\/nazarenonews.com.br\/index.php\/wp-json\/wp\/v2\/media\/1010"}],"wp:attachment":[{"href":"https:\/\/nazarenonews.com.br\/index.php\/wp-json\/wp\/v2\/media?parent=1009"}],"wp:term":[{"taxonomy":"category","embeddable":true,"href":"https:\/\/nazarenonews.com.br\/index.php\/wp-json\/wp\/v2\/categories?post=1009"},{"taxonomy":"post_tag","embeddable":true,"href":"https:\/\/nazarenonews.com.br\/index.php\/wp-json\/wp\/v2\/tags?post=1009"}],"curies":[{"name":"wp","href":"https:\/\/api.w.org\/{rel}","templated":true}]}}